{"id":268997,"date":"2018-11-28T15:53:51","date_gmt":"2018-11-28T15:53:51","guid":{"rendered":"http:\/\/www.hier-luebeck.de\/politik-wirtschaft\/planenschlitzer-auf-dem-lkw-parkplatz-organisierter-diebstahl-an-der-autobahn-zur-sache-rheinland-pfalz-29-11-2018-2015-uhr-swr-fernsehen\/"},"modified":"2018-11-28T15:53:51","modified_gmt":"2018-11-28T15:53:51","slug":"planenschlitzer-auf-dem-lkw-parkplatz-organisierter-diebstahl-an-der-autobahn-zur-sache-rheinland-pfalz-29-11-2018-2015-uhr-swr-fernsehen","status":"publish","type":"post","link":"https:\/\/hier-luebeck.de\/index.php\/planenschlitzer-auf-dem-lkw-parkplatz-organisierter-diebstahl-an-der-autobahn-zur-sache-rheinland-pfalz-29-11-2018-2015-uhr-swr-fernsehen\/","title":{"rendered":"Planenschlitzer auf dem LKW-Parkplatz: Organisierter Diebstahl an der Autobahn \/ &#8222;Zur Sache Rheinland-Pfalz!&#8220;, 29.11.2018, 20:15 Uhr, SWR Fernsehen"},"content":{"rendered":"<p><img decoding=\"async\" class=\"alignleft size-full\" src=\"https:\/\/cache.pressmailing.net\/thumbnail\/story_big\/b334c7e1-c24e-464b-b014-c13c6b4e4557\/8_Zur_Sache_RP_Britta_Krane_2016.jpg\" \/><\/p>\n<p>Mainz (ots) &#8211;     LKW-Fahrer Udo Skoppeck f\u00e4hrt regelm\u00e4\u00dfig die Nord-S\u00fcd-Route durch  Rheinland-Pfalz. Seinen Job macht er gern. Doch er f\u00fcrchtet die  Kriminalit\u00e4t auf den meist v\u00f6llig \u00fcberf\u00fcllten Parkpl\u00e4tzen an der  Autobahn. Skoppeck und seine Kollegen werden von organisierten  Diebes-Banden bedroht.<!--more--> Ob Turnschuhe, Computer oder Mobiltelefone und Alkohol fast alles, was schnelles Geld bringt, werde inzwischen von  der Ladefl\u00e4che gestohlen. Erst am Wochenende wurden Dutzende LKW auf  einem Parkplatz am Walldorfer Kreuz gepl\u00fcndert. Auch im Norden von  Rheinland-Pfalz schlagen die Diebe derzeit immer wieder zu. Die  Banden sind gut organisiert. Sie kommen meist aus Osteuropa oder den  Niederlanden. Diese Banden nutzen aus, dass es auf deutschen  Parkpl\u00e4tzen kaum Video\u00fcberwachung gibt. Meist schneiden sie erst  kleine L\u00f6cher in die LKW-Planen und sp\u00e4hen die Ladung aus.  Zugeschlagen wird dann irgendwo auf einem g\u00fcnstig gelegenen  Parkplatz. &#8222;Zur Sache Rheinland-Pfalz!&#8220; Reporter Michael Eiden war  auf Autobahn-Parkpl\u00e4tzen in Rheinland-Pfalz unterwegs.     Moderation: Britta Krane  Weitere Themen der Sendung: &#8211; Ist Hartz-IV f\u00fcr Langzeitarbeitslose noch zeitgem\u00e4\u00df? &#8211; &#8222;Zur Sache&#8220;-PIN: Wann gilt man eigentlich als arbeitslos? &#8211; Vollbesch\u00e4ftigung im Eifelkreis: Was steckt hinter dem Jobwunder? &#8211; Sonderm\u00fcll und t\u00f6dlicher Unfall: He\u00dfheimer fordern Schlie\u00dfung von   Zwischenlager &#8211; Biber-Alarm in Freilingen: Nager mischt Westerwald-Gemeinde auf &#8211; &#8222;Zur Sache hilft&#8220;: Unfalltr\u00e4chtige Einm\u00fcndung in St. Aldegund &#8211; Zur Sache-Sch\u00e4tzchen: &#8222;Neue B\u00e4ume braucht das Land&#8220;     &#8222;Zur Sache Rheinland-Pfalz!&#8220;      Das SWR-Politikmagazin &#8222;Zur Sache Rheinland-Pfalz!&#8220; berichtet \u00fcber die Themen, die das Land bewegen. Vor-Ort-Reportagen,  Hintergrundfilme, Studiointerviews und Satirebeitr\u00e4ge lassen  politische Zusammenh\u00e4nge verst\u00e4ndlich werden.     Informationen auf www.zur-sache-rp.de     Mediathek: Nach der Ausstrahlung sind die Sendung und deren  einzelne Beitr\u00e4ge auf www.SWRmediathek.de und  www.SWR.de\/zur-sache-rheinland-pfalz.de zu sehen.     Pressefotos auf www.ARD-foto.de    Pressekontakt: Sibylle Schreckenberger, Tel. 06131 929 32755,  sibylle.schreckenberger@swr.de.  Original-Content von: SWR &#8211; S\u00fcdwestrundfunk, \u00fcbermittelt durch news aktuell<\/p>\n<p>Quelle: <a href=\"https:\/\/www.presseportal.de\/pm\/7169\/4128714\" target=\"_blank\">presseportal.de<\/a><\/p>\n","protected":false},"excerpt":{"rendered":"<p>Mainz (ots) &#8211; LKW-Fahrer Udo Skoppeck f\u00e4hrt regelm\u00e4\u00dfig die Nord-S\u00fcd-Route durch Rheinland-Pfalz. Seinen Job macht er gern. Doch er f\u00fcrchtet<\/p>\n","protected":false},"author":3,"featured_media":0,"comment_status":"open","ping_status":"open","sticky":false,"template":"","format":"standard","meta":{"colormag_page_container_layout":"default_layout","colormag_page_sidebar_layout":"default_layout","footnotes":""},"categories":[5],"tags":[],"class_list":["post-268997","post","type-post","status-publish","format-standard","hentry","category-politik-wirtschaft"],"_links":{"self":[{"href":"https:\/\/hier-luebeck.de\/index.php\/wp-json\/wp\/v2\/posts\/268997","targetHints":{"allow":["GET"]}}],"collection":[{"href":"https:\/\/hier-luebeck.de\/index.php\/wp-json\/wp\/v2\/posts"}],"about":[{"href":"https:\/\/hier-luebeck.de\/index.php\/wp-json\/wp\/v2\/types\/post"}],"author":[{"embeddable":true,"href":"https:\/\/hier-luebeck.de\/index.php\/wp-json\/wp\/v2\/users\/3"}],"replies":[{"embeddable":true,"href":"https:\/\/hier-luebeck.de\/index.php\/wp-json\/wp\/v2\/comments?post=268997"}],"version-history":[{"count":0,"href":"https:\/\/hier-luebeck.de\/index.php\/wp-json\/wp\/v2\/posts\/268997\/revisions"}],"wp:attachment":[{"href":"https:\/\/hier-luebeck.de\/index.php\/wp-json\/wp\/v2\/media?parent=268997"}],"wp:term":[{"taxonomy":"category","embeddable":true,"href":"https:\/\/hier-luebeck.de\/index.php\/wp-json\/wp\/v2\/categories?post=268997"},{"taxonomy":"post_tag","embeddable":true,"href":"https:\/\/hier-luebeck.de\/index.php\/wp-json\/wp\/v2\/tags?post=268997"}],"curies":[{"name":"wp","href":"https:\/\/api.w.org\/{rel}","templated":true}]}}