{"id":268998,"date":"2018-11-28T15:51:51","date_gmt":"2018-11-28T15:51:51","guid":{"rendered":"http:\/\/www.hier-luebeck.de\/politik-wirtschaft\/blitzer-erinnerung-fuer-autofahrer-oder-einnahmequelle-zur-sache-baden-wuerttemberg-swr-fernsehen-video\/"},"modified":"2018-12-01T19:38:00","modified_gmt":"2018-12-01T18:38:00","slug":"blitzer-erinnerung-fuer-autofahrer-oder-einnahmequelle-zur-sache-baden-wuerttemberg-swr-fernsehen-video","status":"publish","type":"post","link":"https:\/\/hier-luebeck.de\/index.php\/blitzer-erinnerung-fuer-autofahrer-oder-einnahmequelle-zur-sache-baden-wuerttemberg-swr-fernsehen-video\/","title":{"rendered":"Blitzer &#8211; Erinnerung f\u00fcr Autofahrer oder Einnahmequelle? &#8222;Zur Sache Baden-W\u00fcrttemberg&#8220;, SWR Fernsehen (VIDEO)"},"content":{"rendered":"<p>Stuttgart (ots) &#8211; &#8222;Zur Sache Baden-W\u00fcrttemberg&#8220; am Donnerstag, 29. November 2018, 20:15 bis 21 Uhr, SWR Fernsehen in Baden-W\u00fcrttemberg Clemens Bratzler moderiert das landespolitische Magazin des S\u00fcdwestrundfunks (SWR). Zu den geplanten Themen der Sendung geh\u00f6ren: Blitzer &#8211; notwendig oder Nepp? In keinem anderen Bundesland gibt es so viele Radarfallen wie in Baden-W\u00fcrttemberg. Stehen die Ger\u00e4te tats\u00e4chlich an Gefahrenstellen, um Autofahrer zu sch\u00fctzen? Oder wollen einige Gemeinden nur Geld einnehmen? Missbrauch in der katholischen Kirche &#8211; ausreichend aufgekl\u00e4rt? Der Missbrauchsbericht der Deutschen Bischofskonferenz benennt mehr als 3.000 sexuell missbrauchte Kinder und 1.670 Geistliche als T\u00e4ter in den vergangenen Jahrzehnten. <!--more-->Noch Wochen nach der Ver\u00f6ffentlichung herrscht gro\u00dfe Unruhe in der katholischen Kirche. So wirft Freiburgs Erzbischof Stephan Burger seinem Vorg\u00e4nger Zollitsch Vertuschung vor und Kirchenlaien pochen auf mehr Transparenz sowie weitere Aufkl\u00e4rung. Juristen wollen eine strafrechtliche Verfolgung der T\u00e4ter, sie klagen gegen die deutschen Bist\u00fcmer. Gast im Studio ist Matth\u00e4us Karrer, Weihbischof in der Di\u00f6zese Rottenburg-Stuttgart. Vor Ort in Oberharmersbach In Oberharmersbach im Ortenaukreis missbrauchte der angesehene Gemeindepfarrer mehr als 20 Jahre immer wieder Ministranten. Eines der Opfer ist Raphael Hildebrandt. Er erstattete Anzeige und wurde daf\u00fcr im Dorf angefeindet. Reporterin Alix Koch besucht ihn. Schwerkriminelle in Freiheit? Zwei M\u00e4nner sitzen wegen versuchten Totschlags in Untersuchungshaft. Nach Monaten kommen sie pl\u00f6tzlich auf freien Fu\u00df. Ohne Urteil, ohne Prozess. Die Begr\u00fcndung des Oberlandesgerichts Stuttgart lautet, das Gericht sei \u00fcberlastet. Die Zeit zwischen Inhaftierung und Prozessbeginn sei zu lang, nur bei einem Verd\u00e4chtigen bestehe Fluchtgefahr. Ist das ein Einzelfall oder die Regel? Parkplatz-Posse &#8211; wird bei Stellpl\u00e4tzen mit zweierlei Ma\u00df gemessen? Vor zehn Jahren genehmigte die Stadt Leimen Dieter Schemenauer den Bau eines Parkplatzes. Jetzt darf er dort nicht mehr parken mit der Begr\u00fcndung, der Stellplatz sei zu schmal und liege zu nah an den Stra\u00dfenbahnschienen. Dabei gibt es st\u00e4dtische Parkpl\u00e4tze, die noch schmaler sind. Wird mit zweierlei Ma\u00df gemessen? Schaulaufen in B\u00f6blingen Annegret Kramp-Karrenbauer, Friedrich Merz oder Jens Spahn: Wer konnte im Schaulaufen um die Nachfolge von Angela Merkel als CDU-Vorsitzende bei der Regionalkonferenz in B\u00f6blingen punkten? &#8222;Zur Sache Baden-W\u00fcrttemberg&#8220; Das SWR Politikmagazin &#8222;Zur Sache Baden-W\u00fcrttemberg&#8220; mit Clemens Bratzler berichtet \u00fcber die Themen, die das Land bewegen. Vor-Ort-Reportagen, Hintergrundfilme, Studiointerviews und Satirebeitr\u00e4ge lassen politische Zusammenh\u00e4nge verst\u00e4ndlich werden. In der &#8222;Wohnzimmer-Konferenz&#8220; diskutieren jeden Donnerstag drei Baden-W\u00fcrttemberger\/innen via Webcam von ihrem Wohnzimmer aus live \u00fcber aktuelle politische Themen. Das letzte Wort bleibt dem Ministerpr\u00e4sidenten des Landes vorbehalten &#8211; computeranimiert und mit der Stimme des SWR3 Comedychefs Andreas M\u00fcller. Informationen, kostenloses Bildmaterial und weiterf\u00fchrende Links unter www.SWR.de\/kommunikation. Mediathek: Nach der Ausstrahlung sind die Sendung und deren einzelne Beitr\u00e4ge unter www.SWRmediathek.de und unter www.SWR.de\/zur-sache-baden-wuerttemberg zu sehen. Pressefotos bei www.ARD-foto.de. Pressekontakt: Katja Matschinski, 0711 929 11063, katja.matschinski@SWR.de Original-Content von: SWR &#8211; S\u00fcdwestrundfunk, \u00fcbermittelt durch news aktuell<\/p>\n<p>Quelle: <a href=\"https:\/\/www.presseportal.de\/pm\/7169\/4128711\" target=\"_blank\">presseportal.de<\/a><\/p>\n","protected":false},"excerpt":{"rendered":"<p>Stuttgart (ots) &#8211; &#8222;Zur Sache Baden-W\u00fcrttemberg&#8220; am Donnerstag, 29. November 2018, 20:15 bis 21 Uhr, SWR Fernsehen in Baden-W\u00fcrttemberg Clemens<\/p>\n","protected":false},"author":3,"featured_media":0,"comment_status":"open","ping_status":"open","sticky":false,"template":"","format":"standard","meta":{"colormag_page_container_layout":"default_layout","colormag_page_sidebar_layout":"default_layout","footnotes":""},"categories":[1527],"tags":[],"class_list":["post-268998","post","type-post","status-publish","format-standard","hentry","category-blaulicht"],"_links":{"self":[{"href":"https:\/\/hier-luebeck.de\/index.php\/wp-json\/wp\/v2\/posts\/268998","targetHints":{"allow":["GET"]}}],"collection":[{"href":"https:\/\/hier-luebeck.de\/index.php\/wp-json\/wp\/v2\/posts"}],"about":[{"href":"https:\/\/hier-luebeck.de\/index.php\/wp-json\/wp\/v2\/types\/post"}],"author":[{"embeddable":true,"href":"https:\/\/hier-luebeck.de\/index.php\/wp-json\/wp\/v2\/users\/3"}],"replies":[{"embeddable":true,"href":"https:\/\/hier-luebeck.de\/index.php\/wp-json\/wp\/v2\/comments?post=268998"}],"version-history":[{"count":1,"href":"https:\/\/hier-luebeck.de\/index.php\/wp-json\/wp\/v2\/posts\/268998\/revisions"}],"predecessor-version":[{"id":269396,"href":"https:\/\/hier-luebeck.de\/index.php\/wp-json\/wp\/v2\/posts\/268998\/revisions\/269396"}],"wp:attachment":[{"href":"https:\/\/hier-luebeck.de\/index.php\/wp-json\/wp\/v2\/media?parent=268998"}],"wp:term":[{"taxonomy":"category","embeddable":true,"href":"https:\/\/hier-luebeck.de\/index.php\/wp-json\/wp\/v2\/categories?post=268998"},{"taxonomy":"post_tag","embeddable":true,"href":"https:\/\/hier-luebeck.de\/index.php\/wp-json\/wp\/v2\/tags?post=268998"}],"curies":[{"name":"wp","href":"https:\/\/api.w.org\/{rel}","templated":true}]}}