{"id":269045,"date":"2018-11-29T11:17:17","date_gmt":"2018-11-29T11:17:17","guid":{"rendered":"http:\/\/www.hier-luebeck.de\/besondere-neuigkeiten\/pol-rz-schwere-raeuberische-erpressung-mit-schusswaffe\/"},"modified":"2018-11-29T11:17:17","modified_gmt":"2018-11-29T11:17:17","slug":"pol-rz-schwere-raeuberische-erpressung-mit-schusswaffe","status":"publish","type":"post","link":"https:\/\/hier-luebeck.de\/index.php\/pol-rz-schwere-raeuberische-erpressung-mit-schusswaffe\/","title":{"rendered":"POL-RZ: Schwere R\u00e4uberische Erpressung mit Schusswaffe"},"content":{"rendered":"<p>Ratzeburg (ots) &#8211; Gemeinsame Medien-Information der  Staatsanwaltschaft L\u00fcbeck und der PD Ratzeburg 29. November 2018 \/  Kreis Herzogtum Lauenburg &#8211; 28.11.2018 &#8211; Geesthacht     Am 28.11.2018 gegen 11:50 Uhr parkte ein 64-j\u00e4hriger Mann aus  Geesthacht mit seinem VW Lupo im Bandrieter Weg. Er blieb im PKW  sitzen und wartete auf seine Tochter.<!--more--> Pl\u00f6tzlich trat ein Mann an die  Fahrert\u00fcr des Fahrzeugs heran. Der Geesthachter \u00f6ffnete die T\u00fcr und  augenblicklich dr\u00fcckte ihm der T\u00e4ter eine Schusswaffe in die Seite.  Er forderte den 64-j\u00e4hrigen Gesch\u00e4digten auf, ihm seinen PKW zu  \u00fcberlassen. Der Geesthachter  stieg aus und der T\u00e4ter fuhr mit dem VW Lupo davon. Die Tochter des 64-j\u00e4hrigen Mannes beobachtete das  Geschehen und rief sofort die Polizei. Durch die Polizei wurde eine  gro\u00df angelegte Fahndung eingeleitet. Im Rahmen dieser Fahndung konnte ein 36 Jahre alter Mann aus der N\u00e4he von Schwarzenbek mit dem VW Lupo auf der B 5 in Gr\u00fcnhof in Richtung Lauenburg fahrend festgestellt  werden. Der Wagen wurde gestoppt und der Fahrer konnte widerstandslos festgenommen werden.     Im Fahrzeug wurde eine Schreckschusswaffe gefunden und  sichergestellt. Der Beschuldigte schweigt bislang zu dem Tatvorwurf.  Die Staatsanwaltschaft wird noch heute den Erlass eines  Untersuchungshaftbefehls wegen des Verdachts der schweren  r\u00e4uberischen Erpressung beantragen der Beschuldigte wird im Verlaufe  des Tages dem Haftrichter vorgef\u00fchrt werden. Die weiteren  Ermittlungen werden von der Kriminalpolizei Geesthacht gef\u00fchrt.     Der Geesthachter wurde bei der Tat nicht verletzt.     Hinweise: Nachfragen zu dieser Medieninformation richten Sie bitte an die Pressestelle der Staatsanwaltschaft L\u00fcbeck.     <\/p>\n<p>Quelle: <a href=\"https:\/\/www.presseportal.de\/blaulicht\/pm\/43735\/4129308\" target=\"_blank\">presseportal.de<\/a><\/p>\n","protected":false},"excerpt":{"rendered":"<p>Ratzeburg (ots) &#8211; Gemeinsame Medien-Information der Staatsanwaltschaft L\u00fcbeck und der PD Ratzeburg 29. November 2018 \/ Kreis Herzogtum Lauenburg &#8211;<\/p>\n","protected":false},"author":3,"featured_media":0,"comment_status":"open","ping_status":"open","sticky":false,"template":"","format":"standard","meta":{"colormag_page_container_layout":"default_layout","colormag_page_sidebar_layout":"default_layout","footnotes":""},"categories":[20],"tags":[],"class_list":["post-269045","post","type-post","status-publish","format-standard","hentry","category-besondere-neuigkeiten"],"_links":{"self":[{"href":"https:\/\/hier-luebeck.de\/index.php\/wp-json\/wp\/v2\/posts\/269045","targetHints":{"allow":["GET"]}}],"collection":[{"href":"https:\/\/hier-luebeck.de\/index.php\/wp-json\/wp\/v2\/posts"}],"about":[{"href":"https:\/\/hier-luebeck.de\/index.php\/wp-json\/wp\/v2\/types\/post"}],"author":[{"embeddable":true,"href":"https:\/\/hier-luebeck.de\/index.php\/wp-json\/wp\/v2\/users\/3"}],"replies":[{"embeddable":true,"href":"https:\/\/hier-luebeck.de\/index.php\/wp-json\/wp\/v2\/comments?post=269045"}],"version-history":[{"count":0,"href":"https:\/\/hier-luebeck.de\/index.php\/wp-json\/wp\/v2\/posts\/269045\/revisions"}],"wp:attachment":[{"href":"https:\/\/hier-luebeck.de\/index.php\/wp-json\/wp\/v2\/media?parent=269045"}],"wp:term":[{"taxonomy":"category","embeddable":true,"href":"https:\/\/hier-luebeck.de\/index.php\/wp-json\/wp\/v2\/categories?post=269045"},{"taxonomy":"post_tag","embeddable":true,"href":"https:\/\/hier-luebeck.de\/index.php\/wp-json\/wp\/v2\/tags?post=269045"}],"curies":[{"name":"wp","href":"https:\/\/api.w.org\/{rel}","templated":true}]}}