{"id":269051,"date":"2018-11-29T11:00:29","date_gmt":"2018-11-29T11:00:29","guid":{"rendered":"http:\/\/www.hier-luebeck.de\/politik-wirtschaft\/arag-finanzvorstand-werner-nicoll-geht-zum-15-april-2019-in-den-ruhestand-aufsichtsrat-beruft-wolfgang-mathmann-in-den-vorstand-der-arag-se\/"},"modified":"2018-11-29T11:00:29","modified_gmt":"2018-11-29T11:00:29","slug":"arag-finanzvorstand-werner-nicoll-geht-zum-15-april-2019-in-den-ruhestand-aufsichtsrat-beruft-wolfgang-mathmann-in-den-vorstand-der-arag-se","status":"publish","type":"post","link":"https:\/\/hier-luebeck.de\/index.php\/arag-finanzvorstand-werner-nicoll-geht-zum-15-april-2019-in-den-ruhestand-aufsichtsrat-beruft-wolfgang-mathmann-in-den-vorstand-der-arag-se\/","title":{"rendered":"ARAG Finanzvorstand Werner Nicoll geht zum 15. April 2019 in den Ruhestand \/ Aufsichtsrat beruft Wolfgang Mathmann in den Vorstand der ARAG SE"},"content":{"rendered":"<p>D\u00fcsseldorf (ots) &#8211; Nach genau 20 Jahren im Vorstand der ARAG SE  wird Werner Nicoll (64) zum 15. April 2019 in den Ruhestand gehen.  \u00dcber den gesamten Zeitraum verantwortete er das Ressort Finanzen des  D\u00fcsseldorfer Familienunternehmens. Er geh\u00f6rt damit zu den  dienst\u00e4ltesten Finanzchefs der deutschen Assekuranz.<!--more--> Mit dem  Ausscheiden von Werner Nicoll hat der Aufsichtsrat der ARAG SE  beschlossen, Zust\u00e4ndigkeiten innerhalb des Vorstands neu zu ordnen  und in diesem Rahmen Wolfgang Mathmann (51) in das Leitungsgremium zu berufen.     &#8222;Mit gro\u00dfer Umsicht und Erfolg hat Werner Nicoll mehr als 20 Jahre die Gesch\u00e4ftsentwicklung der ARAG ganz ma\u00dfgeblich mitgepr\u00e4gt&#8220;, betont der Vorsitzende des Vorstandes und Mehrheitsaktion\u00e4r des ARAG  Konzerns, Dr. Dr. h. c. Paul-Otto Fa\u00dfbender. &#8222;Das Unternehmen ist ihm daf\u00fcr zu gro\u00dfem Dank verpflichtet.&#8220; Werner Nicoll trat 1999 in den  Vorstand der damaligen ARAG Allgemeine Rechtsschutz Versicherungs-AG  ein. Drei Jahre sp\u00e4ter \u00fcbernahm er zus\u00e4tzlich die Finanzressorts der  Konzernt\u00f6chter ARAG Lebensversicherungs-AG und ARAG  Krankenversicherungs-AG. Der Diplom-Mathematiker steuerte die ARAG  sicher durch zwei gro\u00dfe Finanzkrisen. Dabei bewies er ein gutes  Gesp\u00fcr f\u00fcr die Kapitalm\u00e4rkte: Beim Zusammenbruch der Finanzm\u00e4rkte  2008\/2009 hatte der ARAG Konzern keine strukturierten Papiere in den  B\u00fcchern.     Nach seinem R\u00fcckzug aus dem Vorstand wird Werner Nicoll f\u00fcr die  ARAG weiterhin in strategisch wichtigen Funktionen aktiv sein. Er  wird seine Mandate als Verwaltungsratsvorsitzender (Chairman) der  ARAG Tochtergesellschaften in den USA, Gro\u00dfbritannien und Norwegen  fortf\u00fchren. &#8222;Ich freue mich sehr, dass Werner Nicoll die Kontinuit\u00e4t  unserer erfolgreichen Entwicklung auf diesen wichtigen M\u00e4rkten f\u00fcr  uns weiterhin sicherstellen will&#8220;, stellte Dr. Dr. h. c. Paul-Otto  Fa\u00dfbender fest.     Der Aufsichtsrat der ARAG SE hat vorbehaltlich der Genehmigung der BaFin beschlossen, die Gesch\u00e4ftsverteilung im Vorstand zu \u00e4ndern und  hat Wolfgang Mathmann (51) mit Wirkung zum 15. April 2019 in den  Vorstand der Gesellschaft berufen. Dieser wird ein neu geschaffenes  Ressort mit der Zust\u00e4ndigkeit f\u00fcr Konzernfinanzen und Rechnungswesen  leiten. Der Diplom-Volkswirt arbeitet seit 2010 f\u00fcr den ARAG Konzern, unter anderem als Vorstandsmitglied der ARAG Allgemeine  Versicherungs-AG und als Hauptabteilungsleiter Konzern  Risikomanagement. Dar\u00fcber hinaus wird Konzernvorstand Dr. Renko  Dirksen (42) neben seiner bisherigen Zust\u00e4ndigkeit f\u00fcr  Konzernentwicklung und Betriebsorganisation die Verantwortung f\u00fcr das Asset Management erhalten.     Druckf\u00e4hige Fotos von Werner Nicoll, Wolfgang Mathmann und Dr.  Renko Dirksen erhalten Sie hier:  https:\/\/www.arag.com\/de\/presse\/pressemitteilungen\/group\/00498\/    Pressekontakt: Christian Danner Pressesprecher ARAG SE Telefon: 0211 963-2217 Fax: 0211 963-2220 E-Mail: christian.danner@arag.de www.arag.de  Original-Content von: ARAG, \u00fcbermittelt durch news aktuell<\/p>\n<p>Quelle: <a href=\"https:\/\/www.presseportal.de\/pm\/29811\/4129278\" target=\"_blank\">presseportal.de<\/a><\/p>\n","protected":false},"excerpt":{"rendered":"<p>D\u00fcsseldorf (ots) &#8211; Nach genau 20 Jahren im Vorstand der ARAG SE wird Werner Nicoll (64) zum 15. April 2019<\/p>\n","protected":false},"author":3,"featured_media":0,"comment_status":"open","ping_status":"open","sticky":false,"template":"","format":"standard","meta":{"colormag_page_container_layout":"default_layout","colormag_page_sidebar_layout":"default_layout","footnotes":""},"categories":[5],"tags":[],"class_list":["post-269051","post","type-post","status-publish","format-standard","hentry","category-politik-wirtschaft"],"_links":{"self":[{"href":"https:\/\/hier-luebeck.de\/index.php\/wp-json\/wp\/v2\/posts\/269051","targetHints":{"allow":["GET"]}}],"collection":[{"href":"https:\/\/hier-luebeck.de\/index.php\/wp-json\/wp\/v2\/posts"}],"about":[{"href":"https:\/\/hier-luebeck.de\/index.php\/wp-json\/wp\/v2\/types\/post"}],"author":[{"embeddable":true,"href":"https:\/\/hier-luebeck.de\/index.php\/wp-json\/wp\/v2\/users\/3"}],"replies":[{"embeddable":true,"href":"https:\/\/hier-luebeck.de\/index.php\/wp-json\/wp\/v2\/comments?post=269051"}],"version-history":[{"count":0,"href":"https:\/\/hier-luebeck.de\/index.php\/wp-json\/wp\/v2\/posts\/269051\/revisions"}],"wp:attachment":[{"href":"https:\/\/hier-luebeck.de\/index.php\/wp-json\/wp\/v2\/media?parent=269051"}],"wp:term":[{"taxonomy":"category","embeddable":true,"href":"https:\/\/hier-luebeck.de\/index.php\/wp-json\/wp\/v2\/categories?post=269051"},{"taxonomy":"post_tag","embeddable":true,"href":"https:\/\/hier-luebeck.de\/index.php\/wp-json\/wp\/v2\/tags?post=269051"}],"curies":[{"name":"wp","href":"https:\/\/api.w.org\/{rel}","templated":true}]}}