{"id":27000,"date":"2011-01-07T12:11:05","date_gmt":"2011-01-07T11:11:05","guid":{"rendered":"http:\/\/www.hier-luebeck.de\/?p=27000"},"modified":"2011-01-07T12:11:05","modified_gmt":"2011-01-07T11:11:05","slug":"pol-hl-hl-st-jurgen-berliner-platz-radfahrerin-im-kreisverkehr-von-auto-erfasst","status":"publish","type":"post","link":"https:\/\/hier-luebeck.de\/index.php\/pol-hl-hl-st-jurgen-berliner-platz-radfahrerin-im-kreisverkehr-von-auto-erfasst\/","title":{"rendered":"POL-HL: HL &#8211; St. J\u00fcrgen, Berliner Platz \/ Radfahrerin im Kreisverkehr von Auto erfasst"},"content":{"rendered":"<p><a rel=\"attachment wp-att-10985\" href=\"http:\/\/www.hier-luebeck.de\/2010\/02\/pol-hl-hl-st-jurgen-rotloscherstrase-polizei-nimmt-einbrecher-fest\/funkstreifers-13\/\"><img loading=\"lazy\" decoding=\"async\" class=\"alignleft size-full wp-image-10985\" title=\"FunkstreifeRS\" src=\"http:\/\/www.hier-luebeck.de\/wp-content\/uploads\/2010\/02\/FunkstreifeRS6.JPG\" alt=\"\" width=\"220\" height=\"165\" \/><\/a>L\u00fcbeck (ots) &#8211; Donnerstagmittag, gegen 12.10 Uhr, befuhr eine 57-j\u00e4hrige L\u00fcbeckerin den Radweg am Kreisverkehr des Berliner Platzes. Die Frau wollte diesen an der Ausfahrt zur Berliner Stra\u00dfe wieder verlassen.<!--more--><\/p>\n<p>Zeitgleich fuhr ein 62-j\u00e4hriger L\u00fcbecker mit seinem Mitsubishi im Kreisverkehr. Der Fahrer wollte in die Geniner Stra\u00dfe,  Richtung Moisling weiterfahren. Bei der Ausfahrt \u00fcbersah der Autofahrer offenbar die Radfahrerin und es kam zum Zusammensto\u00df.<\/p>\n<p>Die L\u00fcbeckerin st\u00fcrzte und erlitt nach bisherigen Informationen R\u00fccken- und Beinverletzungen. Mit einem Rettungswagen wurde die Frau in die Sana-Klinik zur station\u00e4ren Behandlung gebracht. Beamte des 4.Polizeireviers L\u00fcbeck erschienen zur Verkehrsunfallaufnahme.<\/p>\n","protected":false},"excerpt":{"rendered":"<p>L\u00fcbeck (ots) &#8211; Donnerstagmittag, gegen 12.10 Uhr, befuhr eine 57-j\u00e4hrige L\u00fcbeckerin den Radweg am Kreisverkehr des Berliner Platzes. Die Frau<\/p>\n","protected":false},"author":3,"featured_media":0,"comment_status":"open","ping_status":"open","sticky":false,"template":"","format":"standard","meta":{"colormag_page_container_layout":"default_layout","colormag_page_sidebar_layout":"default_layout","footnotes":""},"categories":[20],"tags":[],"class_list":["post-27000","post","type-post","status-publish","format-standard","hentry","category-besondere-neuigkeiten"],"_links":{"self":[{"href":"https:\/\/hier-luebeck.de\/index.php\/wp-json\/wp\/v2\/posts\/27000","targetHints":{"allow":["GET"]}}],"collection":[{"href":"https:\/\/hier-luebeck.de\/index.php\/wp-json\/wp\/v2\/posts"}],"about":[{"href":"https:\/\/hier-luebeck.de\/index.php\/wp-json\/wp\/v2\/types\/post"}],"author":[{"embeddable":true,"href":"https:\/\/hier-luebeck.de\/index.php\/wp-json\/wp\/v2\/users\/3"}],"replies":[{"embeddable":true,"href":"https:\/\/hier-luebeck.de\/index.php\/wp-json\/wp\/v2\/comments?post=27000"}],"version-history":[{"count":0,"href":"https:\/\/hier-luebeck.de\/index.php\/wp-json\/wp\/v2\/posts\/27000\/revisions"}],"wp:attachment":[{"href":"https:\/\/hier-luebeck.de\/index.php\/wp-json\/wp\/v2\/media?parent=27000"}],"wp:term":[{"taxonomy":"category","embeddable":true,"href":"https:\/\/hier-luebeck.de\/index.php\/wp-json\/wp\/v2\/categories?post=27000"},{"taxonomy":"post_tag","embeddable":true,"href":"https:\/\/hier-luebeck.de\/index.php\/wp-json\/wp\/v2\/tags?post=27000"}],"curies":[{"name":"wp","href":"https:\/\/api.w.org\/{rel}","templated":true}]}}