{"id":271283,"date":"2018-12-18T16:41:46","date_gmt":"2018-12-18T16:41:46","guid":{"rendered":"http:\/\/www.hier-luebeck.de\/politik-wirtschaft\/phoenix-laendersache-schleswig-holsteins-ministerpraesident-daniel-guenther-im-gespraech-mit-helge-fuhst-mittwoch-19-dezember-2018-22-15-uhr\/"},"modified":"2018-12-18T16:41:46","modified_gmt":"2018-12-18T16:41:46","slug":"phoenix-laendersache-schleswig-holsteins-ministerpraesident-daniel-guenther-im-gespraech-mit-helge-fuhst-mittwoch-19-dezember-2018-22-15-uhr","status":"publish","type":"post","link":"https:\/\/hier-luebeck.de\/index.php\/phoenix-laendersache-schleswig-holsteins-ministerpraesident-daniel-guenther-im-gespraech-mit-helge-fuhst-mittwoch-19-dezember-2018-22-15-uhr\/","title":{"rendered":"phoenix l\u00e4ndersache: Schleswig-Holsteins Ministerpr\u00e4sident Daniel G\u00fcnther im Gespr\u00e4ch mit Helge Fuhst &#8211; Mittwoch, 19. Dezember 2018, 22.15 Uhr"},"content":{"rendered":"<p>Bonn (ots) &#8211; Im Mittelpunkt dieser Ausgabe der phoenix l\u00e4ndersache stehen das Bundesland Schleswig-Holstein und sein Ministerpr\u00e4sident  Daniel G\u00fcnther.<!--more--> phoenix-Moderator Helge Fuhst spricht mit Daniel  G\u00fcnther \u00fcber aktuelle landespolitische Themen, wie das neue  Kita-Gesetz, sowie \u00fcber die Bundespolitik, etwa seine aktuelle  Pr\u00e4sidentschaft im Bundesrat und die j\u00fcngste Ablehnung des  Digitalpakts durch die Bundesl\u00e4nder.     Der 45-j\u00e4hrige geb\u00fcrtige Kieler war bis zu seiner Wahl zum  Ministerpr\u00e4sidenten vor 18 Monaten auf Bundesebene weithin unbekannt. Seit Juni 2017 f\u00fchrt er in Schleswig-Holstein eine Jamaika-Koalition  aus CDU, Gr\u00fcnen und FDP an &#8211; eine Konstellation, die er sich auch f\u00fcr die Bundesregierung gew\u00fcnscht hatte. Daniel G\u00fcnther gilt in der Union als Liberaler und Modernisierer. Auf dem CDU-Bundesparteitag vor  knapp zwei Wochen warb er f\u00fcr die Wahl Annegret Kramp-Karrenbauers  zur neuen Parteivorsitzenden. Seit November ist er turnusgem\u00e4\u00df  Bundesratspr\u00e4sident und somit formal auch Stellvertreter des  Bundespr\u00e4sidenten.    Pressekontakt: phoenix-Kommunikation Pressestelle Telefon: 0228 \/ 9584 192 Fax:     0228 \/ 9584 198 presse@phoenix.de presse.phoenix.de  Original-Content von: PHOENIX, \u00fcbermittelt durch news aktuell<\/p>\n<p>Quelle: <a href=\"https:\/\/www.presseportal.de\/pm\/6511\/4147277\" target=\"_blank\">presseportal.de<\/a><\/p>\n","protected":false},"excerpt":{"rendered":"<p>Bonn (ots) &#8211; Im Mittelpunkt dieser Ausgabe der phoenix l\u00e4ndersache stehen das Bundesland Schleswig-Holstein und sein Ministerpr\u00e4sident Daniel G\u00fcnther.<\/p>\n","protected":false},"author":3,"featured_media":0,"comment_status":"open","ping_status":"open","sticky":false,"template":"","format":"standard","meta":{"colormag_page_container_layout":"default_layout","colormag_page_sidebar_layout":"default_layout","footnotes":""},"categories":[5],"tags":[],"class_list":["post-271283","post","type-post","status-publish","format-standard","hentry","category-politik-wirtschaft"],"_links":{"self":[{"href":"https:\/\/hier-luebeck.de\/index.php\/wp-json\/wp\/v2\/posts\/271283","targetHints":{"allow":["GET"]}}],"collection":[{"href":"https:\/\/hier-luebeck.de\/index.php\/wp-json\/wp\/v2\/posts"}],"about":[{"href":"https:\/\/hier-luebeck.de\/index.php\/wp-json\/wp\/v2\/types\/post"}],"author":[{"embeddable":true,"href":"https:\/\/hier-luebeck.de\/index.php\/wp-json\/wp\/v2\/users\/3"}],"replies":[{"embeddable":true,"href":"https:\/\/hier-luebeck.de\/index.php\/wp-json\/wp\/v2\/comments?post=271283"}],"version-history":[{"count":0,"href":"https:\/\/hier-luebeck.de\/index.php\/wp-json\/wp\/v2\/posts\/271283\/revisions"}],"wp:attachment":[{"href":"https:\/\/hier-luebeck.de\/index.php\/wp-json\/wp\/v2\/media?parent=271283"}],"wp:term":[{"taxonomy":"category","embeddable":true,"href":"https:\/\/hier-luebeck.de\/index.php\/wp-json\/wp\/v2\/categories?post=271283"},{"taxonomy":"post_tag","embeddable":true,"href":"https:\/\/hier-luebeck.de\/index.php\/wp-json\/wp\/v2\/tags?post=271283"}],"curies":[{"name":"wp","href":"https:\/\/api.w.org\/{rel}","templated":true}]}}