{"id":27586,"date":"2011-01-19T10:43:19","date_gmt":"2011-01-19T09:43:19","guid":{"rendered":"http:\/\/www.hier-luebeck.de\/?p=27586"},"modified":"2011-01-19T10:43:19","modified_gmt":"2011-01-19T09:43:19","slug":"oh-ahrensbok-norre-alslev-ring-schwerer-arbeitsunfall","status":"publish","type":"post","link":"https:\/\/hier-luebeck.de\/index.php\/oh-ahrensbok-norre-alslev-ring-schwerer-arbeitsunfall\/","title":{"rendered":"OH-Ahrensb\u00f6k-Norre-Alslev-Ring &#8211; Schwerer Arbeitsunfall"},"content":{"rendered":"<p><a rel=\"attachment wp-att-10985\" href=\"http:\/\/www.hier-luebeck.de\/2010\/02\/pol-hl-hl-st-jurgen-rotloscherstrase-polizei-nimmt-einbrecher-fest\/funkstreifers-13\/\"><img loading=\"lazy\" decoding=\"async\" class=\"size-full wp-image-10985 alignleft\" title=\"FunkstreifeRS\" src=\"http:\/\/www.hier-luebeck.de\/wp-content\/uploads\/2010\/02\/FunkstreifeRS6.JPG\" alt=\"\" width=\"220\" height=\"165\" \/><\/a>Am gestrigen Dienstag ereignete sich in Ahrensb\u00f6k ein Arbeitsunfall bei dem ein Arbeiter aus Ahrensb\u00f6k schwer verletzt wurde.<\/p>\n<p>Das Dach einer gro\u00dfen Halle war mit der Zeit undicht geworden und der Eigent\u00fcmer wollte dieses mit einem Helfer reparieren.<!--more--><\/p>\n<p>Dazu war der 53-j\u00e4hrige Arbeiter gegen 15 Uhr auf das f\u00fcnf Meter hohe Dach gestiegen. Diese war mit Wellplatten eingedeckt. In gleichm\u00e4\u00dfigen Abst\u00e4nden befanden sich transparente Platten, um einen Lichteinfall in die Halle zu gew\u00e4hrleisten. <!--more--><\/p>\n<p>Offensichtlich war der Arbeiter auf eine transparente Platte getreten, durchbrach diese und fiel zirka f\u00fcnf Meter in die Tiefe. Dort kam er auf dem Betonboden auf.<\/p>\n<p>Der Mann war kaum ansprechbar und zeitweise setzte die Atmung aus. Zwei Not\u00e4rzte stellten mit Rettungssanit\u00e4tern die Erstversorgung vor Ort sicher. Anschlie\u00dfend wurde er mit dem Rettungshubschrauber Christoph 12 in die L\u00fcbecker Uniklinik geflogen. Dort erfolgte eine sofortige Operation in der Neurologischen Intensivstation. Es besteht zurzeit Lebensgefahr f\u00fcr den 53-j\u00e4hrigen.<\/p>\n<p>Die Polizei in Ahrensb\u00f6k ermittelt.<\/p>\n","protected":false},"excerpt":{"rendered":"<p>Am gestrigen Dienstag ereignete sich in Ahrensb\u00f6k ein Arbeitsunfall bei dem ein Arbeiter aus Ahrensb\u00f6k schwer verletzt wurde. Das Dach<\/p>\n","protected":false},"author":3,"featured_media":0,"comment_status":"open","ping_status":"open","sticky":false,"template":"","format":"standard","meta":{"colormag_page_container_layout":"default_layout","colormag_page_sidebar_layout":"default_layout","footnotes":""},"categories":[20],"tags":[],"class_list":["post-27586","post","type-post","status-publish","format-standard","hentry","category-besondere-neuigkeiten"],"_links":{"self":[{"href":"https:\/\/hier-luebeck.de\/index.php\/wp-json\/wp\/v2\/posts\/27586","targetHints":{"allow":["GET"]}}],"collection":[{"href":"https:\/\/hier-luebeck.de\/index.php\/wp-json\/wp\/v2\/posts"}],"about":[{"href":"https:\/\/hier-luebeck.de\/index.php\/wp-json\/wp\/v2\/types\/post"}],"author":[{"embeddable":true,"href":"https:\/\/hier-luebeck.de\/index.php\/wp-json\/wp\/v2\/users\/3"}],"replies":[{"embeddable":true,"href":"https:\/\/hier-luebeck.de\/index.php\/wp-json\/wp\/v2\/comments?post=27586"}],"version-history":[{"count":0,"href":"https:\/\/hier-luebeck.de\/index.php\/wp-json\/wp\/v2\/posts\/27586\/revisions"}],"wp:attachment":[{"href":"https:\/\/hier-luebeck.de\/index.php\/wp-json\/wp\/v2\/media?parent=27586"}],"wp:term":[{"taxonomy":"category","embeddable":true,"href":"https:\/\/hier-luebeck.de\/index.php\/wp-json\/wp\/v2\/categories?post=27586"},{"taxonomy":"post_tag","embeddable":true,"href":"https:\/\/hier-luebeck.de\/index.php\/wp-json\/wp\/v2\/tags?post=27586"}],"curies":[{"name":"wp","href":"https:\/\/api.w.org\/{rel}","templated":true}]}}