{"id":27599,"date":"2011-01-19T14:39:00","date_gmt":"2011-01-19T13:39:00","guid":{"rendered":"http:\/\/www.hier-luebeck.de\/?p=27599"},"modified":"2011-01-19T14:39:00","modified_gmt":"2011-01-19T13:39:00","slug":"landwirtschaftsministerin-rumpf-schleswig-holstein-prasentiert-sich-bei-der-internationalen-grunen-woche-2011-in-neuer-form","status":"publish","type":"post","link":"https:\/\/hier-luebeck.de\/index.php\/landwirtschaftsministerin-rumpf-schleswig-holstein-prasentiert-sich-bei-der-internationalen-grunen-woche-2011-in-neuer-form\/","title":{"rendered":"Landwirtschaftsministerin Rumpf: &#8222;Schleswig-Holstein pr\u00e4sentiert sich bei der Internationalen Gr\u00fcnen Woche 2011 in neuer Form&#8220;"},"content":{"rendered":"<p>KIEL. Landwirtschaftsministerin Dr. Juliane Rumpf blickt optimistisch auf die 76. Internationale Gr\u00fcne Woche, die am 20. Januar in Berlin ihre Pforten \u00f6ffnet. &#8222;&#8220;Schleswig-Holsteins Vielfalt, gerade auch im l\u00e4ndlichen Raum, und der besondere Charme unseres sch\u00f6nen Landes zwischen den Meeren wird auch 2011 f\u00fcr die \u00fcber 400.000 Messebesucher erlebbar sein.<!--more--> Ich rechne fest mit einer wieder sehr gelungenen Pr\u00e4sentation unseres Landes in neuer Gestalt&#8220;&#8220;, sagte Rumpf heute (19. Januar) in Kiel.<\/p>\n<p>Der Messeauftritt wird sich auf die Hallen 21b und 22a des Messegel\u00e4ndes am Berliner Funkturm konzentrieren.<\/p>\n<p>In der Halle 21b werden die Vorz\u00fcge von Leben, Arbeiten und Erholung im l\u00e4ndlichen Raum zwischen List und Lauenburg vorgestellt.<br \/>\nIm Fokus steht dabei diesmal die AktivRegion Mittelholstein im Kreis Rendsburg- Eckernf\u00f6rde mit den Themen Natur, Gesundheit und Tourismus. Gro\u00dfes Interesse werden zudem sicher Aktivit\u00e4ten finden wie Swin Golf und ein von Sch\u00fclern in Hanerau-Hademarschen entwickeltes gro\u00dfformatiges Sudoku-Spiel mit Bildern zu Theodor Storm; spektakul\u00e4r au\u00dferdem am &#8222;Schleswig-Holstein-Tag&#8220; in der halle 21 b (23. Januar) der Auftritt von Preistr\u00e4gern des &#8222;John Lennon Talent Award&#8220;.<\/p>\n<p>In der Schleswig-Holstein-Halle 22a wird der bew\u00e4hrte Auftritt des Landes wegen der gro\u00dfen Zustimmung der schleswig-holsteinischen Aussteller und der sehr positiven Resonanz auch der Messebesucher lediglich weiter verbessert. &#8222;&#8220;Gro\u00dffl\u00e4chige Landschaftsbilder vermitteln auch 2011 die Weite und die klaren Linien des Landes zwischen den Meeren&#8220;&#8220;, gab die Landwirtschaftsministerin die Richtung vor. Im Mittelpunkt gliedert wieder ein &#8222;Marktplatz&#8220; die Halle, um den sich den &#8222;Helgol\u00e4nder Hummerbuden&#8220; nachempfundene Ausstellerst\u00e4nde gruppieren, und eine &#8222;Pier&#8220; mit ca. 200 Sitzpl\u00e4tzen l\u00e4dt nicht nur fu\u00dfm\u00fcde Messebesucher zum Verweilen und Beobachten ein. Neben beispielsweise der Dithmarscher sowie der Flensburger Brauerei, B\u00f6klunder oder Behn Spirituosen sind im Jahr 2011 neu dabei unter anderem Fiensmecker (Trittau), Gilka Naturprodukte (Timmendorfer Strand), Gut Immenhof (Bad Malente-Gremsm\u00fchlen) sowie die Gemeinschaftspr\u00e4sentation der Aktiv-Region Mittelholstein mit den Versorgungsbetrieben Bordesholm GmbH, Bordesholm und mit der Firma Wacken Kaffee GbR (Wacken). Der \u00fcbliche Produktverkauf der teilnehmenden Unternehmen wird wieder erg\u00e4nzt durch eine Schauk\u00fcche mit einem t\u00e4glich wechselnden und moderierten Programm.<\/p>\n<p>Neben der Pr\u00e4sentation des Landes stehen f\u00fcr Landwirtschaftsministerin Rumpf zudem wieder Gespr\u00e4che mit Amtskollegen aus dem In- und Ausland auf dem Programm, zum Beispiel aus Estland, Niederlande und Lettland.<\/p>\n<p>Hintergrund: Die Gr\u00fcne Woche in Berlin ist Deutschlands wichtigste Messe f\u00fcr die Land- und Ern\u00e4hrungswirtschaft und den Gartenbau. Sie findet im Jahr 2011 zum 76. Mal statt. Erwartet werden etwa 440.000 Besucher, darunter ungef\u00e4hr 100.000 Fachbesucher und 4.000 Medienvertreter aus Deutschland und aller Welt. Ihnen pr\u00e4sentieren sich ca. 60 schleswig-holsteinische Aussteller neben ca. 1.500 weiteren Unternehmen und Organisationen. Auf der Gr\u00fcnen Woche bieten sich f\u00fcr die Land- und Ern\u00e4hrungswirtschaft und die Gartenbaubranche vielf\u00e4ltige M\u00f6glichkeiten der Gesch\u00e4ftanbahnung und wichtige Chancen, M\u00e4rkte inner- und au\u00dferhalb Europas zu erschlie\u00dfen.<\/p>\n","protected":false},"excerpt":{"rendered":"<p>KIEL. Landwirtschaftsministerin Dr. Juliane Rumpf blickt optimistisch auf die 76. Internationale Gr\u00fcne Woche, die am 20. Januar in Berlin ihre<\/p>\n","protected":false},"author":3,"featured_media":0,"comment_status":"open","ping_status":"open","sticky":false,"template":"","format":"standard","meta":{"colormag_page_container_layout":"default_layout","colormag_page_sidebar_layout":"default_layout","footnotes":""},"categories":[13],"tags":[],"class_list":["post-27599","post","type-post","status-publish","format-standard","hentry","category-veranstaltungen"],"_links":{"self":[{"href":"https:\/\/hier-luebeck.de\/index.php\/wp-json\/wp\/v2\/posts\/27599","targetHints":{"allow":["GET"]}}],"collection":[{"href":"https:\/\/hier-luebeck.de\/index.php\/wp-json\/wp\/v2\/posts"}],"about":[{"href":"https:\/\/hier-luebeck.de\/index.php\/wp-json\/wp\/v2\/types\/post"}],"author":[{"embeddable":true,"href":"https:\/\/hier-luebeck.de\/index.php\/wp-json\/wp\/v2\/users\/3"}],"replies":[{"embeddable":true,"href":"https:\/\/hier-luebeck.de\/index.php\/wp-json\/wp\/v2\/comments?post=27599"}],"version-history":[{"count":0,"href":"https:\/\/hier-luebeck.de\/index.php\/wp-json\/wp\/v2\/posts\/27599\/revisions"}],"wp:attachment":[{"href":"https:\/\/hier-luebeck.de\/index.php\/wp-json\/wp\/v2\/media?parent=27599"}],"wp:term":[{"taxonomy":"category","embeddable":true,"href":"https:\/\/hier-luebeck.de\/index.php\/wp-json\/wp\/v2\/categories?post=27599"},{"taxonomy":"post_tag","embeddable":true,"href":"https:\/\/hier-luebeck.de\/index.php\/wp-json\/wp\/v2\/tags?post=27599"}],"curies":[{"name":"wp","href":"https:\/\/api.w.org\/{rel}","templated":true}]}}