{"id":276425,"date":"2019-02-04T15:42:58","date_gmt":"2019-02-04T15:42:58","guid":{"rendered":"http:\/\/www.hier-luebeck.de\/politik-wirtschaft\/digital-leader-award-2019-gewinnt-dorothee-baer-als-schirmherrin-und-renommierte-digitalexpertin-fuer-die-jury-foto\/"},"modified":"2019-02-04T15:42:58","modified_gmt":"2019-02-04T15:42:58","slug":"digital-leader-award-2019-gewinnt-dorothee-baer-als-schirmherrin-und-renommierte-digitalexpertin-fuer-die-jury-foto","status":"publish","type":"post","link":"https:\/\/hier-luebeck.de\/index.php\/digital-leader-award-2019-gewinnt-dorothee-baer-als-schirmherrin-und-renommierte-digitalexpertin-fuer-die-jury-foto\/","title":{"rendered":"Digital Leader Award 2019 gewinnt Dorothee B\u00e4r als Schirmherrin und renommierte Digitalexpertin f\u00fcr die Jury (FOTO)"},"content":{"rendered":"<p><img decoding=\"async\" class=\"alignleft size-full\" src=\"https:\/\/cache.pressmailing.net\/thumbnail\/story_big\/65144751-d65e-4293-ae8f-04712345c957\/Dorothee%20B%C3%A4r%20%C2%A9%20Bundesregierung%20-%20JescoDenzel.jpg\" \/><\/p>\n<p>Bad Homburg (ots) &#8211;      &#8211; Prominente Unterst\u00fctzung f\u00fcr den Digital Leader Award 2019: die       Staatsministerin f\u00fcr Digitalisierung, Dorothee B\u00e4r, \u00fcbernimmt in      diesem Jahr die Schirmherrschaft des bereits zum vierten Mal       stattfindenden Digitalwettbewerbs.<!--more-->    &#8211; Unterst\u00fctzt wird der Digital Leader Award 2019 zudem von einer       hochkar\u00e4tigen Jury, die sich wie in den Vorjahren aus       renommierten Experten aus Medien, Wirtschaft und Wissenschaft       zusammensetzt.    &#8211; Noch bis zum 17.03.2019 k\u00f6nnen sich F\u00fchrungskr\u00e4fte und       Projektteams als digitale Vordenker f\u00fcr den Award bewerben       unter: www.digital-leader-award.de.  Digitalisierung wagen, aber wie? Diese Frage beantwortet der Digital Leader  Award, bei dem allj\u00e4hrlich die inspirierendsten Projekte, Strategien und  Change-Prozesse rund um das Thema Digitalisierung gesucht werden. F\u00fcr seine  nunmehr vierte Ausgabe konnte sich der Digitalpreis in diesem Jahr die  prominente Unterst\u00fctzung der Staatsministerin f\u00fcr Digitalisierung, Dorothee B\u00e4r, sichern. B\u00e4r \u00fcbernimmt dabei nicht nur die Schirmherrschaft des Digital Leader  Awards, sondern auch die der Digital Leader Initiative, unter deren Dach der  Digital Leader Award gefasst ist.  &#8222;Die Digitalisierung ver\u00e4ndert alles in rasender Geschwindigkeit &#8211; sowohl f\u00fcr  jeden Einzelnen, als auch unsere Gesellschaft und Wirtschaft als Ganzes. Wir  stehen dabei vor keiner geringeren Frage als der, wie wir in Zukunft leben und  arbeiten wollen. Um eine Antwort darauf zu finden, brauchen wir einen  ganzheitlichen Ansatz, wie ihn auch die Digital Leader Initiative verfolgt. Ich  freue mich deshalb, diese Initiative als Schirmherrin zu unterst\u00fctzen.&#8220;, betont  Staatsministerin B\u00e4r.  Renommierte Digitalexperten in der Jury  Auch die Jury des Digital Leader Awards versammelt in diesem Jahr wieder  prominente Namen aus Medien, Wirtschaft und Wissenschaft. In einem unabh\u00e4ngigen  Votum werden die folgenden renommierten Experten die digitalen Projektideen  ausw\u00e4hlen, welche am 27. Juni 2019 in Berlin bei der Winners Night zum Digital  Leader Award 2019 die begehrten Troph\u00e4en entgegennehmen:     &#8211; Markus H\u00e4gele ist Senior Manager Corporate Strategy bei der       Daimler AG. Als solcher verantwortet er seit 2011 Daimlers       Digital Transformation Strategy sowie das konzerninterne       Digitalisierungsprojekt DigitalLife@Daimler.    &#8211; Dr. Roger Kehl ist seit 2014 Global CIO und Member of the       Executive Committee der Festo AG &amp; Co.KG und treibt dort die       Transformation des Unternehmens hin zu einer innovativen und       agilen Organisation ma\u00dfgeblich an. F\u00fcr seine strategische Arbeit      entlang der    &#8211; Fokusthemen Digitalisierung, Industrie 4.0 und Internet of       Things zeichneten ihn COMPUTERWOCHE und CIO-Magazin 2016 mit dem      Award &#8222;CIO des Jahres 2016&#8220; in der Kategorie Gro\u00dfunternehmen       aus.    &#8211; Sylvia List ist Director Digital Infrastructure bei Dimension       Data Deutschland. Mit \u00fcber 25 Jahre Erfahrung im IT-Bereich       leitet sie in ihrer derzeitigen Position die Weiterentwicklung       der digitalen Infrastrukturstrategie von Dimension Data.    &#8211; Tijen Onaran ist Gr\u00fcnderin der Digital- und PR-Agentur startup       affairs und des Netzwerks Global Digital Women. Als Autorin,       Moderatorin und Speakerin vernetzt sie Menschen aus aller Welt       miteinander und bringt damit die Digitalisierung voran.    &#8211; Harald Schirmer ist passionierter Organisationsentwickler und       bei der Continental AG als Manager f\u00fcr Digital Transformation &amp;       Change in der Konzernpersonalfunktion verantwortlich. F\u00fcr seine       disruptiven Ans\u00e4tze und den t\u00e4glichen #MutAnfall erhielt er den       &#8222;Leader in the Digital Age Award&#8220; vom Nieders\u00e4chsischen       Ministerium f\u00fcr Wirtschaft, Arbeit und Verkehr.    &#8211; Prof. Dr. Christian Schlereth ist seit 2014 Lehrstuhlinhaber f\u00fcr      Digitales Marketing der WHU Otto Beisheim School of Management.       In seiner Forschung besch\u00e4ftigt er sich mit praxisrelevanten       Fragen zur Preisgestaltung von digitalen Diensten und der       mikro\u00f6konomischen Funktionsweise von digitalen Gesch\u00e4ftsmodellen      sowie den Herausforderungen der digitalen Transformation.    &#8211; Michael Trautmann ist Gr\u00fcnder und Chairman der thjink AG,       Business Angel, Bei- und Aufsichtsrat in verschiedenen Start-Ups      sowie zahlreichen sozialen und kulturellen Einrichtungen.       Au\u00dferdem engagiert er sich aktiv im Branchenverband GWA.    &#8211; Heinrich Vaske ist seit mehr als 15 Jahren Chefredakteur der       COMPUTERWOCHE und beim Digital Leader Award Jurymitglied der       ersten Stunde.  Denken ohne Schubladen &#8211; erstmals &#8222;dynamische Kategorien&#8220; beim Digital Leader  Award 2019  Anders als in den Vorjahren wird es in diesem Jahr keine festen Award-Kategorien mehr geben. Daf\u00fcr wird der Digital Leader Award 2019 zum ersten Mal in  sogenannten &#8222;dynamischen Kategorien&#8220; verliehen, welche die Bewerber w\u00e4hrend des  Einreichungsprozesses automatisch generieren. Dazu versehen sie ihre Bewerbung  mit f\u00fcnf frei ausgew\u00e4hlten, f\u00fcr sie am zutreffendsten Begriffen. Ein Algorithmus sortiert nach Ende der Bewerbungsphase die eingereichten Projekte in thematisch  \u00e4hnliche Gruppen ein. So strukturiert sich der Wettbewerb schlie\u00dflich nicht nur  selbst, sondern verabschiedet sich vor allem von k\u00fcnstlichen Schubladen und  statischem Denken.  Bewerbungen f\u00fcr den Digital Leader Award 2019 werden noch bis zum 17.03.2019  entgegengenommen unter: https:\/\/www.digital-leader-award.de\/.  \u00dcber den Digital Leader Award  Mit dem Digital Leader Award wollen IDG Business Media und Dimension  Data vorbildlichen, mutigen Digitalisierungsprojekten eine B\u00fchne  geben. In mehreren dynamischen Kategorien werden Preise an  F\u00fchrungskr\u00e4fte und deren Teams verliehen, die die Digitale  Transformation ihres Unternehmens forcieren und so die  Wettbewerbsf\u00e4higkeit im digitalen Zeitalter sicherstellen. Die  Entscheidung trifft eine unabh\u00e4ngige Jury aus renommierten Experten  aus Wirtschaft, Wissenschaft und Medien. Angegliedert an den Digital  Leader Award ist der Digital Newcomer Award f\u00fcr digitale Talente, der auf Basis eines \u00f6ffentlichen Online-Votings vergeben wird.  Web: http:\/\/www.digital-leader-award.de  Twitter: https:\/\/twitter.com\/DigitLeader  \u00dcber die Digital Leader Initiative  Die von Dimension Data und IDG Business Media begr\u00fcndete Digital Leader  Initiative macht die Potenziale und den Nutzen der Digitalisierung in  Deutschland sichtbar und bildet eine nationale und internationale Plattform zur  Vernetzung und zum Austausch. Die Initiative tritt mit einer starken Stimme  gegen\u00fcber \u00d6ffentlichkeit und Politik f\u00fcr eine nachhaltige Entwicklung der  Society 5.0, der umfassend vernetzten digitalen Gesellschaft, ein.  Pressekontakt: Thomas Gambichler Dimension Data Germany Manager Marketing &amp; PR Tel: +49 (6172) 6808-214 Fax: +49 (6172) 6808-150 E-Mail: thomas.gambichler@dimensiondata.com  Original-Content von: Dimension Data Germany AG &amp; Co., \u00fcbermittelt durch news aktuell<\/p>\n<p>Quelle: <a href=\"https:\/\/www.presseportal.de\/pm\/23295\/4184250\" target=\"_blank\">presseportal.de<\/a><\/p>\n","protected":false},"excerpt":{"rendered":"<p>Bad Homburg (ots) &#8211; &#8211; Prominente Unterst\u00fctzung f\u00fcr den Digital Leader Award 2019: die Staatsministerin f\u00fcr Digitalisierung, Dorothee B\u00e4r, \u00fcbernimmt<\/p>\n","protected":false},"author":3,"featured_media":0,"comment_status":"open","ping_status":"open","sticky":false,"template":"","format":"standard","meta":{"colormag_page_container_layout":"default_layout","colormag_page_sidebar_layout":"default_layout","footnotes":""},"categories":[5],"tags":[],"class_list":["post-276425","post","type-post","status-publish","format-standard","hentry","category-politik-wirtschaft"],"_links":{"self":[{"href":"https:\/\/hier-luebeck.de\/index.php\/wp-json\/wp\/v2\/posts\/276425","targetHints":{"allow":["GET"]}}],"collection":[{"href":"https:\/\/hier-luebeck.de\/index.php\/wp-json\/wp\/v2\/posts"}],"about":[{"href":"https:\/\/hier-luebeck.de\/index.php\/wp-json\/wp\/v2\/types\/post"}],"author":[{"embeddable":true,"href":"https:\/\/hier-luebeck.de\/index.php\/wp-json\/wp\/v2\/users\/3"}],"replies":[{"embeddable":true,"href":"https:\/\/hier-luebeck.de\/index.php\/wp-json\/wp\/v2\/comments?post=276425"}],"version-history":[{"count":0,"href":"https:\/\/hier-luebeck.de\/index.php\/wp-json\/wp\/v2\/posts\/276425\/revisions"}],"wp:attachment":[{"href":"https:\/\/hier-luebeck.de\/index.php\/wp-json\/wp\/v2\/media?parent=276425"}],"wp:term":[{"taxonomy":"category","embeddable":true,"href":"https:\/\/hier-luebeck.de\/index.php\/wp-json\/wp\/v2\/categories?post=276425"},{"taxonomy":"post_tag","embeddable":true,"href":"https:\/\/hier-luebeck.de\/index.php\/wp-json\/wp\/v2\/tags?post=276425"}],"curies":[{"name":"wp","href":"https:\/\/api.w.org\/{rel}","templated":true}]}}