{"id":276487,"date":"2019-02-06T10:27:53","date_gmt":"2019-02-06T10:27:53","guid":{"rendered":"http:\/\/www.hier-luebeck.de\/besondere-neuigkeiten\/pol-rz-praeventionsveranstaltung-wohnungseinbruchsdiebstahl-in-ahrensburg\/"},"modified":"2019-02-06T10:27:53","modified_gmt":"2019-02-06T10:27:53","slug":"pol-rz-praeventionsveranstaltung-wohnungseinbruchsdiebstahl-in-ahrensburg","status":"publish","type":"post","link":"https:\/\/hier-luebeck.de\/index.php\/pol-rz-praeventionsveranstaltung-wohnungseinbruchsdiebstahl-in-ahrensburg\/","title":{"rendered":"POL-RZ: Pr\u00e4ventionsveranstaltung Wohnungseinbruchsdiebstahl in Ahrensburg"},"content":{"rendered":"<p>Ratzeburg (ots) &#8211; Der AWO Ortsverein Ahrensburg und das  Peter-Rantzau-Haus laden gemeinsam mit der Polizeidirektion Ratzeburg alle interessierten B\u00fcrgerinnen und B\u00fcrger zu einer  Pr\u00e4ventionsveranstaltung zum Thema Einbruchschutz ein. Die  Veranstaltung findet am 14.02.2019 in 22926 Ahrensburg,  Manfred-Samusch-Str. 9, statt.<!--more-->Bereits ab 18.00 Uhr stehen dort mit  den Fachfirmen f\u00fcr Einbruchschutz Tischlerei Uwe Nagel  (Ahrensburg),MEBO Sicherheit GmbH (Bad Segeberg) und Alarmzentrale  Steinberg (Reinbek)kompetente Ansprechpartner f\u00fcr mechanische  Sicherungen und elektronische Einbruchmeldeanlagen f\u00fcr eine  individuelle Beratung zur Verf\u00fcgung.Um 18.30 Uhr erhalten G\u00e4ste der  Veranstaltung von Polizeihauptkommissar Gerd Dietel aus dem  Sachgebiet Pr\u00e4vention der PD Ratzeburg wichtige Tipps und Hinweise,  wie man sich durch sein eigenes Verhalten vor Einbruchskriminalit\u00e4t  sch\u00fctzen kann.Im Anschluss daran stehen der Referent und die  Fachfirmen f\u00fcr weitere Fragen zur Verf\u00fcgung.     <\/p>\n<p>Quelle: <a href=\"https:\/\/www.presseportal.de\/blaulicht\/pm\/43735\/4185703\" target=\"_blank\">presseportal.de<\/a><\/p>\n","protected":false},"excerpt":{"rendered":"<p>Ratzeburg (ots) &#8211; Der AWO Ortsverein Ahrensburg und das Peter-Rantzau-Haus laden gemeinsam mit der Polizeidirektion Ratzeburg alle interessierten B\u00fcrgerinnen und<\/p>\n","protected":false},"author":3,"featured_media":0,"comment_status":"open","ping_status":"open","sticky":false,"template":"","format":"standard","meta":{"colormag_page_container_layout":"default_layout","colormag_page_sidebar_layout":"default_layout","footnotes":""},"categories":[20],"tags":[],"class_list":["post-276487","post","type-post","status-publish","format-standard","hentry","category-besondere-neuigkeiten"],"_links":{"self":[{"href":"https:\/\/hier-luebeck.de\/index.php\/wp-json\/wp\/v2\/posts\/276487","targetHints":{"allow":["GET"]}}],"collection":[{"href":"https:\/\/hier-luebeck.de\/index.php\/wp-json\/wp\/v2\/posts"}],"about":[{"href":"https:\/\/hier-luebeck.de\/index.php\/wp-json\/wp\/v2\/types\/post"}],"author":[{"embeddable":true,"href":"https:\/\/hier-luebeck.de\/index.php\/wp-json\/wp\/v2\/users\/3"}],"replies":[{"embeddable":true,"href":"https:\/\/hier-luebeck.de\/index.php\/wp-json\/wp\/v2\/comments?post=276487"}],"version-history":[{"count":0,"href":"https:\/\/hier-luebeck.de\/index.php\/wp-json\/wp\/v2\/posts\/276487\/revisions"}],"wp:attachment":[{"href":"https:\/\/hier-luebeck.de\/index.php\/wp-json\/wp\/v2\/media?parent=276487"}],"wp:term":[{"taxonomy":"category","embeddable":true,"href":"https:\/\/hier-luebeck.de\/index.php\/wp-json\/wp\/v2\/categories?post=276487"},{"taxonomy":"post_tag","embeddable":true,"href":"https:\/\/hier-luebeck.de\/index.php\/wp-json\/wp\/v2\/tags?post=276487"}],"curies":[{"name":"wp","href":"https:\/\/api.w.org\/{rel}","templated":true}]}}