{"id":276489,"date":"2019-02-06T13:01:17","date_gmt":"2019-02-06T13:01:17","guid":{"rendered":"http:\/\/www.hier-luebeck.de\/besondere-neuigkeiten\/pol-hl-hl_st-lorenz-verkehrsunfall-nach-ploetzlichem-fahrstreifenwechsel-verursacher-fluechtig\/"},"modified":"2019-02-06T13:01:17","modified_gmt":"2019-02-06T13:01:17","slug":"pol-hl-hl_st-lorenz-verkehrsunfall-nach-ploetzlichem-fahrstreifenwechsel-verursacher-fluechtig","status":"publish","type":"post","link":"https:\/\/hier-luebeck.de\/index.php\/pol-hl-hl_st-lorenz-verkehrsunfall-nach-ploetzlichem-fahrstreifenwechsel-verursacher-fluechtig\/","title":{"rendered":"POL-HL: HL_St. Lorenz    \/\n\nVerkehrsunfall nach pl\u00f6tzlichem Fahrstreifenwechsel &#8211; Verursacher fl\u00fcchtig"},"content":{"rendered":"<p>L\u00fcbeck (ots) &#8211; Am Dienstagnachmittag (05.02.2019) kam es auf der  Schwartauer Allee in L\u00fcbeck zu einem Verkehrsunfall mit vier  beteiligten Pkw. Der Unfallverursacher entfernte sich unerlaubt vom  Unfallort. Die Polizei sucht Zeugen.     Der 55-j\u00e4hrige Fahrer eines Pkw Ford Ka befuhr den linken von zwei Fahrstreifen der Schwartauer Allee in Richtung Fackenburger Allee.<!--more-->  Auf der rechten Spur hatte sich verkehrsbedingt ein Stau gebildet.     Den bisherigen Ermittlungen der Polizei zufolge zog in H\u00f6he der  Hausnummer 6a ein Kleinwagen, vermutlich ein silberfarbener Ford  Fiesta mit einem Kennzeichen aus der Hansestadt Hamburg, gegen 16.40  Uhr unerwartet von dem rechten auf den linken Fahrstreifen. Um einen  Zusammensto\u00df zu vermeiden, versuchte der 55-j\u00e4hrige L\u00fcbecker nach  links in die Fahrbahnen des Gegenverkehrs auszuweichen. Weil ihm dort ein anderes Fahrzeug entgegen kam, lenkte der 55-j\u00e4hrige noch weiter  nach links und stie\u00df mit zwei dort zum Parken abgestellten Fahrzeugen zusammen. Durch den Zusammensto\u00df hatte sich der Ford Ka \u00fcberschlagen  und blieb zun\u00e4chst auf dem Dach liegen. Den Ersthelfern am Unfallort  gelang es jedoch, den Kleinwagen auf die linke Seite zu drehen, so  dass der L\u00fcbecker \u00fcber die Beifahrerseite aus dem Unfallfahrzeug  herausgelangen konnte. Der 55-j\u00e4hrige blieb bei dem Unfall  unverletzt.     Der vermutliche Unfallverursacher entfernte sich nach dem Vorfall  unerlaubt stadteinw\u00e4rts. Die Unfallermittler vom 2. Polizeirevier  L\u00fcbeck bitten etwaige Zeugen oder den Fahrer des fl\u00fcchtigen  Kleinwagens, sich unter 0451 &#8211; 1310 zu melden.     <\/p>\n<p>Quelle: <a href=\"https:\/\/www.presseportal.de\/blaulicht\/pm\/43738\/4186004\" target=\"_blank\">presseportal.de<\/a><\/p>\n","protected":false},"excerpt":{"rendered":"<p>L\u00fcbeck (ots) &#8211; Am Dienstagnachmittag (05.02.2019) kam es auf der Schwartauer Allee in L\u00fcbeck zu einem Verkehrsunfall mit vier beteiligten<\/p>\n","protected":false},"author":3,"featured_media":0,"comment_status":"open","ping_status":"open","sticky":false,"template":"","format":"standard","meta":{"colormag_page_container_layout":"default_layout","colormag_page_sidebar_layout":"default_layout","footnotes":""},"categories":[20],"tags":[],"class_list":["post-276489","post","type-post","status-publish","format-standard","hentry","category-besondere-neuigkeiten"],"_links":{"self":[{"href":"https:\/\/hier-luebeck.de\/index.php\/wp-json\/wp\/v2\/posts\/276489","targetHints":{"allow":["GET"]}}],"collection":[{"href":"https:\/\/hier-luebeck.de\/index.php\/wp-json\/wp\/v2\/posts"}],"about":[{"href":"https:\/\/hier-luebeck.de\/index.php\/wp-json\/wp\/v2\/types\/post"}],"author":[{"embeddable":true,"href":"https:\/\/hier-luebeck.de\/index.php\/wp-json\/wp\/v2\/users\/3"}],"replies":[{"embeddable":true,"href":"https:\/\/hier-luebeck.de\/index.php\/wp-json\/wp\/v2\/comments?post=276489"}],"version-history":[{"count":0,"href":"https:\/\/hier-luebeck.de\/index.php\/wp-json\/wp\/v2\/posts\/276489\/revisions"}],"wp:attachment":[{"href":"https:\/\/hier-luebeck.de\/index.php\/wp-json\/wp\/v2\/media?parent=276489"}],"wp:term":[{"taxonomy":"category","embeddable":true,"href":"https:\/\/hier-luebeck.de\/index.php\/wp-json\/wp\/v2\/categories?post=276489"},{"taxonomy":"post_tag","embeddable":true,"href":"https:\/\/hier-luebeck.de\/index.php\/wp-json\/wp\/v2\/tags?post=276489"}],"curies":[{"name":"wp","href":"https:\/\/api.w.org\/{rel}","templated":true}]}}