{"id":276494,"date":"2019-02-06T11:05:31","date_gmt":"2019-02-06T11:05:31","guid":{"rendered":"http:\/\/www.hier-luebeck.de\/besondere-neuigkeiten\/pol-se-bimoehlen-hauptstrasse-44-jaehriger-verursacht-bei-verkehrskontrolle-schaden-am-streifenwagen\/"},"modified":"2019-02-06T11:05:31","modified_gmt":"2019-02-06T11:05:31","slug":"pol-se-bimoehlen-hauptstrasse-44-jaehriger-verursacht-bei-verkehrskontrolle-schaden-am-streifenwagen","status":"publish","type":"post","link":"https:\/\/hier-luebeck.de\/index.php\/pol-se-bimoehlen-hauptstrasse-44-jaehriger-verursacht-bei-verkehrskontrolle-schaden-am-streifenwagen\/","title":{"rendered":"POL-SE: Bim\u00f6hlen, Hauptstra\u00dfe   \/\n44-J\u00e4hriger verursacht bei Verkehrskontrolle Schaden am Streifenwagen"},"content":{"rendered":"<p>Bad Segeberg (ots) &#8211; Am Montag, den 04.02.19, verursachte der  Fahrer eines Kleintransporters bei einer Verkehrskontrolle in  Bim\u00f6hlen einen Schaden am Streifenwagen. Polizeibeamte von der  Polizeistation Bad Bramstedt forderten den Fahrer des  Kleintransporters gegen 08:00 Uhr per &#8222;Stopp-Signal&#8220; auf, in der  Hauptstra\u00dfe anzuhalten.<!--more-->  Der Fahrer hielt auf einem Parkplatz an und  die Beamten stellten den Streifenwagen hinter dem Kleintransporter  des Mannes ab. Nachdem der 44-j\u00e4hrige Fahrer ausgestiegen war, rollte der Transporter einen halben Meter zur\u00fcck und prallte gegen den  Streifenwagen. Der Transporter blieb dabei unbesch\u00e4digt. Am  Streifenwagen entstand ein Schaden von etwa 650 Euro. Den  Verkehrsunfall nahmen daraufhin Beamte vom Polizeirevier  Kaltenkirchen auf. Au\u00dferdem stellten die Polizisten aus Bad Bramstedt noch fest, dass der 44-J\u00e4hrige nicht im Besitz einer g\u00fcltigen  Fahrerlaubnis ist. Es wurde ein Strafverfahren eingeleitet.     Polizeidirektion Bad Segeberg &#8211; Pressestelle &#8211; Dorfstr. 16-18 23795 Bad Segeberg  Silke Westphal Telefon: 04551 884 &#8211; 2022 E-Mail: silke.westphal@polizei.landsh.de  Original-Content von: Polizeidirektion Bad Segeberg, \u00fcbermittelt durch news aktuell<\/p>\n<p>Quelle: <a href=\"https:\/\/www.presseportal.de\/blaulicht\/pm\/19027\/4185794\" target=\"_blank\">presseportal.de<\/a><\/p>\n","protected":false},"excerpt":{"rendered":"<p>Bad Segeberg (ots) &#8211; Am Montag, den 04.02.19, verursachte der Fahrer eines Kleintransporters bei einer Verkehrskontrolle in Bim\u00f6hlen einen Schaden<\/p>\n","protected":false},"author":3,"featured_media":0,"comment_status":"open","ping_status":"open","sticky":false,"template":"","format":"standard","meta":{"colormag_page_container_layout":"default_layout","colormag_page_sidebar_layout":"default_layout","footnotes":""},"categories":[20],"tags":[],"class_list":["post-276494","post","type-post","status-publish","format-standard","hentry","category-besondere-neuigkeiten"],"_links":{"self":[{"href":"https:\/\/hier-luebeck.de\/index.php\/wp-json\/wp\/v2\/posts\/276494","targetHints":{"allow":["GET"]}}],"collection":[{"href":"https:\/\/hier-luebeck.de\/index.php\/wp-json\/wp\/v2\/posts"}],"about":[{"href":"https:\/\/hier-luebeck.de\/index.php\/wp-json\/wp\/v2\/types\/post"}],"author":[{"embeddable":true,"href":"https:\/\/hier-luebeck.de\/index.php\/wp-json\/wp\/v2\/users\/3"}],"replies":[{"embeddable":true,"href":"https:\/\/hier-luebeck.de\/index.php\/wp-json\/wp\/v2\/comments?post=276494"}],"version-history":[{"count":0,"href":"https:\/\/hier-luebeck.de\/index.php\/wp-json\/wp\/v2\/posts\/276494\/revisions"}],"wp:attachment":[{"href":"https:\/\/hier-luebeck.de\/index.php\/wp-json\/wp\/v2\/media?parent=276494"}],"wp:term":[{"taxonomy":"category","embeddable":true,"href":"https:\/\/hier-luebeck.de\/index.php\/wp-json\/wp\/v2\/categories?post=276494"},{"taxonomy":"post_tag","embeddable":true,"href":"https:\/\/hier-luebeck.de\/index.php\/wp-json\/wp\/v2\/tags?post=276494"}],"curies":[{"name":"wp","href":"https:\/\/api.w.org\/{rel}","templated":true}]}}