{"id":276499,"date":"2019-02-06T16:39:38","date_gmt":"2019-02-06T16:39:38","guid":{"rendered":"http:\/\/www.hier-luebeck.de\/politik-wirtschaft\/hoehere-rente-fuer-geringverdiener-zur-sache-baden-wuerttemberg-swr-fernsehen-video\/"},"modified":"2019-02-06T16:39:38","modified_gmt":"2019-02-06T16:39:38","slug":"hoehere-rente-fuer-geringverdiener-zur-sache-baden-wuerttemberg-swr-fernsehen-video","status":"publish","type":"post","link":"https:\/\/hier-luebeck.de\/index.php\/hoehere-rente-fuer-geringverdiener-zur-sache-baden-wuerttemberg-swr-fernsehen-video\/","title":{"rendered":"H\u00f6here Rente f\u00fcr Geringverdiener? &#8222;Zur Sache Baden-W\u00fcrttemberg&#8220;, SWR Fernsehen (VIDEO)"},"content":{"rendered":"<p>Stuttgart (ots) &#8211;     &#8222;Zur Sache Baden-W\u00fcrttemberg&#8220; am Donnerstag, 7. Februar 2019,  20:15 bis 21 Uhr, SWR Fernsehen in Baden-W\u00fcrttemberg     Clemens Bratzler moderiert das landespolitische Magazin des  S\u00fcdwestrundfunks (SWR).     Zu den geplanten Themen der Sendung geh\u00f6ren:     Steuermittel gegen Altersarmut &#8211; wie sinnvoll ist die geplante  Grundrente?<!--more-->      Der Vorschlag von Bundesarbeitsminister Hubertus Heil (SPD) zur  Einf\u00fchrung einer &#8222;Respekt-Rente&#8220; sorgt momentan f\u00fcr Diskussionen.  Laut Heil soll, wer nach 35 Beitragsjahren weniger als knapp 900 Euro Rente brutto bekommt, einen Zuschlag von bis zu 447 Euro monatlich  erhalten. Das w\u00e4re gerechter f\u00fcr Menschen, die ihr ganzes Leben lang  im Niedriglohnbereich gearbeitet haben. Kritiker bezweifeln dies. Sie warnen vor einer neuen Ungerechtigkeit und vor zu hohen Kosten f\u00fcr  die Steuerzahler. Wie gerecht ist die geplante Grundrente und hilft  sie wirklich, Altersarmut zu verhindern? Gast im Studio ist Maria  Lenk, Stiftung zuk\u00fcnftiger Generationen Stuttgart.     Vor Ort bei jetzigen und k\u00fcnftigen Rentnern      Was halten Rentnerinnen und Rentner von der geplanten Grundrente?  Besonders die, die von Altersarmut betroffen sind? Reporterin  Alexandra Gondorf fragt in der Stuttgarter Vesperkirche nach.     Wenn die Wildsau durch die Stadt tobt      Wildschweine vermehren sich seit Jahren und haben inzwischen sogar Wohngebiete erobert: Sie w\u00fchlen in Vorg\u00e4rten und auf Friedh\u00f6fen und  fallen sogar Spazierg\u00e4nger an. Mittlerweile d\u00fcrfen sie in einigen  St\u00e4dten sogar bejagt werden. Helfen diese Ma\u00dfnahmen, um den  Wildschweinen Herr zu werden? Wie gro\u00df ist die Gefahr, dass sie die  Afrikanische Schweinepest nach Deutschland bringen?     Rechtes Netzwerk in der Bundeswehr?      In der Kleinstadt Calw genie\u00dfen die dort stationierten  Einsatzkr\u00e4fte der Kommando Spezialkr\u00e4fte (KSK) ein hohes Ansehen.  Daran haben auch Berichte \u00fcber fragw\u00fcrdige Aktivit\u00e4ten einiger  Elitesoldaten nichts ge\u00e4ndert. Zentrale Figur ist Andr\u00e9 S. alias  &#8222;Hannibal&#8220;. Er soll ein Netzwerk ins Leben gerufen haben, in dem sich v\u00f6lkisch gesinnte Milit\u00e4rangeh\u00f6rige dar\u00fcber austauschen, wie sie die  Bundesrepublik destabilisieren und eines Tages das Kommando  \u00fcbernehmen k\u00f6nnen.     &#8222;Zur Sache Baden-W\u00fcrttemberg&#8220;      Das SWR Politikmagazin &#8222;Zur Sache Baden-W\u00fcrttemberg&#8220; mit Clemens  Bratzler berichtet \u00fcber die Themen, die das Land bewegen.  Vor-Ort-Reportagen, Hintergrundfilme, Studiointerviews und  Satirebeitr\u00e4ge lassen politische Zusammenh\u00e4nge verst\u00e4ndlich werden.  In der &#8222;Wohnzimmer-Konferenz&#8220; diskutieren jeden Donnerstag drei  Baden-W\u00fcrttemberger\/innen via Webcam von ihrem Wohnzimmer aus live  \u00fcber aktuelle politische Themen. Das letzte Wort bleibt dem  Ministerpr\u00e4sidenten des Landes vorbehalten &#8211; computeranimiert und mit der Stimme des SWR3 Comedychefs Andreas M\u00fcller.     Informationen, kostenloses Bildmaterial und weiterf\u00fchrende Links  unter www.SWR.de\/kommunikation.     Mediathek: Nach der Ausstrahlung sind die Sendung und deren  einzelne Beitr\u00e4ge unter www.SWRmediathek.de und unter  http:\/\/SWR.de\/zur-sache-baden-wuerttemberg zu sehen.     Pressefotos bei www.ARD-foto.de.    Pressekontakt: Katja Matschinski, 0711 929 11063, kommunikation@SWR.de  Original-Content von: SWR &#8211; S\u00fcdwestrundfunk, \u00fcbermittelt durch news aktuell<\/p>\n<p>Quelle: <a href=\"https:\/\/www.presseportal.de\/pm\/7169\/4186328\" target=\"_blank\">presseportal.de<\/a><\/p>\n","protected":false},"excerpt":{"rendered":"<p>Stuttgart (ots) &#8211; &#8222;Zur Sache Baden-W\u00fcrttemberg&#8220; am Donnerstag, 7. Februar 2019, 20:15 bis 21 Uhr, SWR Fernsehen in Baden-W\u00fcrttemberg Clemens<\/p>\n","protected":false},"author":3,"featured_media":0,"comment_status":"open","ping_status":"open","sticky":false,"template":"","format":"standard","meta":{"colormag_page_container_layout":"default_layout","colormag_page_sidebar_layout":"default_layout","footnotes":""},"categories":[5],"tags":[],"class_list":["post-276499","post","type-post","status-publish","format-standard","hentry","category-politik-wirtschaft"],"_links":{"self":[{"href":"https:\/\/hier-luebeck.de\/index.php\/wp-json\/wp\/v2\/posts\/276499","targetHints":{"allow":["GET"]}}],"collection":[{"href":"https:\/\/hier-luebeck.de\/index.php\/wp-json\/wp\/v2\/posts"}],"about":[{"href":"https:\/\/hier-luebeck.de\/index.php\/wp-json\/wp\/v2\/types\/post"}],"author":[{"embeddable":true,"href":"https:\/\/hier-luebeck.de\/index.php\/wp-json\/wp\/v2\/users\/3"}],"replies":[{"embeddable":true,"href":"https:\/\/hier-luebeck.de\/index.php\/wp-json\/wp\/v2\/comments?post=276499"}],"version-history":[{"count":0,"href":"https:\/\/hier-luebeck.de\/index.php\/wp-json\/wp\/v2\/posts\/276499\/revisions"}],"wp:attachment":[{"href":"https:\/\/hier-luebeck.de\/index.php\/wp-json\/wp\/v2\/media?parent=276499"}],"wp:term":[{"taxonomy":"category","embeddable":true,"href":"https:\/\/hier-luebeck.de\/index.php\/wp-json\/wp\/v2\/categories?post=276499"},{"taxonomy":"post_tag","embeddable":true,"href":"https:\/\/hier-luebeck.de\/index.php\/wp-json\/wp\/v2\/tags?post=276499"}],"curies":[{"name":"wp","href":"https:\/\/api.w.org\/{rel}","templated":true}]}}