{"id":276500,"date":"2019-02-06T16:13:05","date_gmt":"2019-02-06T16:13:05","guid":{"rendered":"http:\/\/www.hier-luebeck.de\/politik-wirtschaft\/studio-friedman-am-7-februar-miete-loehne-steuern-vermoegen-geht-die-soziale-schere-immer-weiter-auseinander\/"},"modified":"2019-02-06T16:13:05","modified_gmt":"2019-02-06T16:13:05","slug":"studio-friedman-am-7-februar-miete-loehne-steuern-vermoegen-geht-die-soziale-schere-immer-weiter-auseinander","status":"publish","type":"post","link":"https:\/\/hier-luebeck.de\/index.php\/studio-friedman-am-7-februar-miete-loehne-steuern-vermoegen-geht-die-soziale-schere-immer-weiter-auseinander\/","title":{"rendered":"&#8222;Studio Friedman&#8220; am 7. Februar: Miete, L\u00f6hne, Steuern, Verm\u00f6gen &#8211; geht die soziale Schere immer weiter auseinander?"},"content":{"rendered":"<p>Berlin (ots) &#8211; Die wirtschaftliche und soziale Lage in Deutschland insgesamt bleibt positiv. Und trotzdem gibt es Probleme. Viele B\u00fcrger k\u00f6nnen sich ihre Miete kaum noch leisten und bezahlbarer Wohnraum ist knapp. Trotz Mindestlohn verdienen viele zu wenig, was wiederum zu  einer geringeren Rente im Alter f\u00fchrt. Das Hartz IV-System ist  umstritten wie lange nicht.<!--more-->     Wie will die Bundesregierung die sozialen Herausforderungen der  Zukunft meistern? M\u00fcssen die, die bisher vom jahrelangen Aufschwung  profitiert haben, mehr an die Gesellschaft abgeben? Und spalten  soziale Probleme die deutsche Gesellschaft?     Dar\u00fcber diskutiert Michel Friedman mit Caren Lay, Stellvertretende Fraktionsvorsitzende der Linken und Sprecherin f\u00fcr Mieten-, Bau- und  Wohnungspolitik, und Jana Schimke, Mitglied im Ausschuss f\u00fcr Arbeit  und Soziales von der CDU im Bundestag und Mitglied im Vorstand der  Mittelstandsvereinigung der CDU\/CSU.     Die komplette Sendung in der WELT-Mediathek nach Ausstrahlung  unter: www.welt.de\/studiofriedman     &#8222;Studio Friedman&#8220; &#8211; immer donnerstags um 17.15 Uhr auf WELT    Pressekontakt: Programmkommunikation WELT und N24 Doku +49 30 2090 4625 presseteam@welt.de  Original-Content von: WELT, \u00fcbermittelt durch news aktuell<\/p>\n<p>Quelle: <a href=\"https:\/\/www.presseportal.de\/pm\/13399\/4186307\" target=\"_blank\">presseportal.de<\/a><\/p>\n","protected":false},"excerpt":{"rendered":"<p>Berlin (ots) &#8211; Die wirtschaftliche und soziale Lage in Deutschland insgesamt bleibt positiv. Und trotzdem gibt es Probleme. Viele B\u00fcrger<\/p>\n","protected":false},"author":3,"featured_media":0,"comment_status":"open","ping_status":"open","sticky":false,"template":"","format":"standard","meta":{"colormag_page_container_layout":"default_layout","colormag_page_sidebar_layout":"default_layout","footnotes":""},"categories":[5],"tags":[],"class_list":["post-276500","post","type-post","status-publish","format-standard","hentry","category-politik-wirtschaft"],"_links":{"self":[{"href":"https:\/\/hier-luebeck.de\/index.php\/wp-json\/wp\/v2\/posts\/276500","targetHints":{"allow":["GET"]}}],"collection":[{"href":"https:\/\/hier-luebeck.de\/index.php\/wp-json\/wp\/v2\/posts"}],"about":[{"href":"https:\/\/hier-luebeck.de\/index.php\/wp-json\/wp\/v2\/types\/post"}],"author":[{"embeddable":true,"href":"https:\/\/hier-luebeck.de\/index.php\/wp-json\/wp\/v2\/users\/3"}],"replies":[{"embeddable":true,"href":"https:\/\/hier-luebeck.de\/index.php\/wp-json\/wp\/v2\/comments?post=276500"}],"version-history":[{"count":0,"href":"https:\/\/hier-luebeck.de\/index.php\/wp-json\/wp\/v2\/posts\/276500\/revisions"}],"wp:attachment":[{"href":"https:\/\/hier-luebeck.de\/index.php\/wp-json\/wp\/v2\/media?parent=276500"}],"wp:term":[{"taxonomy":"category","embeddable":true,"href":"https:\/\/hier-luebeck.de\/index.php\/wp-json\/wp\/v2\/categories?post=276500"},{"taxonomy":"post_tag","embeddable":true,"href":"https:\/\/hier-luebeck.de\/index.php\/wp-json\/wp\/v2\/tags?post=276500"}],"curies":[{"name":"wp","href":"https:\/\/api.w.org\/{rel}","templated":true}]}}