{"id":276529,"date":"2019-02-06T18:07:58","date_gmt":"2019-02-06T18:07:58","guid":{"rendered":"http:\/\/www.hier-luebeck.de\/politik-wirtschaft\/skoda-auto-testet-intensiv-ladeinfrastruktur-am-unternehmenssitz-in-mlada-boleslav-foto\/"},"modified":"2019-02-06T18:07:58","modified_gmt":"2019-02-06T18:07:58","slug":"skoda-auto-testet-intensiv-ladeinfrastruktur-am-unternehmenssitz-in-mlada-boleslav-foto","status":"publish","type":"post","link":"https:\/\/hier-luebeck.de\/index.php\/skoda-auto-testet-intensiv-ladeinfrastruktur-am-unternehmenssitz-in-mlada-boleslav-foto\/","title":{"rendered":"SKODA AUTO testet intensiv Ladeinfrastruktur am Unternehmenssitz in Mlad\u00e1 Boleslav (FOTO)"},"content":{"rendered":"<p><img decoding=\"async\" class=\"alignleft size-full\" title=\"SKODA AUTO testet intensiv Ladeinfrastruktur am Unternehmenssitz in Mlad\u00e1 Boleslav: 2018 hat der tschechische Automobilhersteller 3,4 Millionen Euro in den Ausbau der internen Elektroinfrastruktur an seinem Stammsitz in Mlad\u00e1 Boleslav investiert - davon 1,65 Millionen ins Stromnetz und 1,75 Millionen in den Bau von Ladestationen. Weiterer Text \u00fcber ots und www.presseportal.de\/nr\/28249 \/ Die Verwendung dieses Bildes ist f\u00fcr redaktionelle Zwecke honorarfrei. Ver\u00f6ffentlichung bitte unter Quellenangabe: \"obs\/Skoda Auto Deutschland GmbH\/Petr Mlch\"\" src=\"https:\/\/cache.pressmailing.net\/thumbnail\/story_big\/6c45b5ce-acd6-4b18-9331-ee63721efe2e\/PML8049.jpg\" \/><\/p>\n<p>Mlad\u00e1 Boleslav (ots) &#8211;     &#8211; Bereits mehr als 300 Ladepunkte laufen seit 2018 im internen       Testbetrieb    &#8211; Kooperation zwischen Energieversorger SKO-ENERGO, der Stadt       Mlad\u00e1 Boleslav und SKODA AUTO f\u00fcr Ausweitung des Ladenetzes    &#8211; Start in die Elektromobilit\u00e4t: 2019 f\u00fchrt SKODA den SUPERB mit       Plug-In-Hybridantrieb und den rein elektrischen CITIGO ein     SKODA AUTO <!--more-->bereitet sich und seine Umgebung intensiv auf die  Anforderungen der Elektromobilit\u00e4t vor. 2018 hat der tschechische  Automobilhersteller 3,4 Millionen Euro in den Ausbau der internen  Elektroinfrastruktur an seinem Stammsitz in Mlad\u00e1 Boleslav  investiert. Bereits mehr als 300 Ladepunkte werden intensiv f\u00fcr den  Testbetrieb genutzt, um Ladeinfrastruktur und Ladezeiten weiter zu  optimieren. Damit schafft das Unternehmen die Grundlage f\u00fcr die  Elektrofahrzeuge der Marke, die ab 2019 eingef\u00fchrt werden.     Michael Oeljeklaus, SKODA AUTO Vorstand f\u00fcr Produktion und  Logistik, betont: &#8222;Die Vorbereitungen auf die Elektromobilit\u00e4t bei  SKODA laufen auf Hochtouren. Seit einem Jahr befinden sich \u00fcber 300  Ladepunkte auf unserem Werksgel\u00e4nde in Mlad\u00e1 Boleslav im Testbetrieb. Die daraus gewonnenen Erfahrungen und Erkenntnisse bringen wir jetzt  in den weiteren Ausbau der Ladeinfrastruktur auch au\u00dferhalb des  Werksgel\u00e4ndes ein, den wir gemeinsam mit unserem Partner SKO-ENERGO  angehen.&#8220;     Bereits heute testen die Abteilungen Technische Entwicklung,  Qualit\u00e4tssicherung, Vertrieb und Produktion die Ladeinfrastruktur auf dem SKODA Werksgel\u00e4nde in Mlad\u00e1 Boleslav. In ihren Ausbau hat der  Automobilhersteller im vergangenen Jahr insgesamt rund 3,4 Millionen  Euro investiert: 1,65 Millionen Euro flossen in die Modernisierung  sowie Erweiterung des Stromnetzes und weitere 1,75 Millionen Euro gab SKODA AUTO f\u00fcr die Installation von mehr als 300 Ladepunkten aus.  Dies entspricht mehr als 220 Wechselstrom- (AC) und mehr als 80  Ladepunkten an modernen Gleichstromlades\u00e4ulen (DC).     SKODA AUTO plant in den n\u00e4chsten Jahren den Aufbau der  Ladeinfrastruktur auch \u00fcber die Grenzen des Werks hinaus. Gemeinsam  mit dem Energieversorger SKO-ENERGO, seit mehr als 20 Jahren der  Energieversorger von SKODA AUTO sowie der Gemeinde, will der  Automobilhersteller Mlad\u00e1 Boleslav fit f\u00fcr die E-Mobilit\u00e4t machen und zu einer Smart City entwickeln.     Erste SKODA Modelle mit elektrischem Antriebsstrang kommen 2019      Dieses Jahr bringt SKODA AUTO die ersten Modelle mit  elektrifiziertem Antrieb auf den Markt. Den Anfang macht der SKODA  SUPERB mit Plug-In-Hybridantrieb*, darauf folgt die rein elektrische  Version des SKODA CITIGO*. In 2020 startet die Serienversion der  Studie SKODA VISION E. SKODA AUTO investiert in den kommenden vier  Jahren im Rahmen der Strategie 2025 zwei Milliarden Euro in die  Entwicklung von Elektrofahrzeugen und neue  Mobilit\u00e4tsdienstleistungen. Es ist das gr\u00f6\u00dfte Investitionsprogramm in der Geschichte von SKODA AUTO.     Die angegebenen Verbrauchs- und Emissionswerte wurden nach den  gesetzlich vorgeschriebenen Messverfahren ermittelt. Seit dem 1.  September 2017 werden bestimmte Neuwagen bereits nach dem weltweit  harmonisierten Pr\u00fcfverfahren f\u00fcr Personenwagen und leichte  Nutzfahrzeuge (Worldwide Harmonized Light Vehicles Test Procedure,  WLTP), einem realistischeren Pr\u00fcfverfahren zur Messung des  Kraftstoffverbrauchs und der CO2-Emissionen, typgenehmigt. Ab dem 1.  September 2018 wird der WLTP den neuen europ\u00e4ischen Fahrzyklus (NEFZ) ersetzen. Wegen der realistischeren Pr\u00fcfbedingungen sind die nach dem WLTP gemessenen Kraftstoffverbrauchs- und CO2- Emissionswerte in  vielen F\u00e4llen h\u00f6her als die nach dem NEFZ gemessenen. Weitere  Informationen zu den Unterschieden zwischen WLTP und NEFZ finden Sie  unter www.skoda-auto.de\/wltp.      Aktuell sind noch die NEFZ-Werte verpflichtend zu kommunizieren.  Soweit es sich um Neuwagen handelt, die nach WLTP typgenehmigt sind,  werden die NEFZ-Werte von den WLTP-Werten abgeleitet. Die zus\u00e4tzliche Angabe der WLTP-Werte kann bis zu deren verpflichtender Verwendung  freiwillig erfolgen. Soweit die NEFZ-Werte als Spannen angegeben  werden, beziehen sie sich nicht auf ein einzelnes, individuelles  Fahrzeug und sind nicht Bestandteil des Angebotes. Sie dienen allein  Vergleichszwecken zwischen den verschiedenen Fahrzeugtypen.  Zusatzausstattungen und Zubeh\u00f6r (Anbauteile, Reifenformat, usw.)  k\u00f6nnen relevante Fahrzeugparameter, wie z. B. Gewicht, Rollwiderstand und Aerodynamik ver\u00e4ndern und neben Witterungs- und  Verkehrsbedingungen sowie dem individuellen Fahrverhalten den  Kraftstoffverbrauch, den Stromverbrauch, die CO2-Emissionen und die  Fahrleistungswerte eines Fahrzeugs beeinflussen.     * Verbrauch nach Verordnung (EG) Nr. 715\/2007; CO2-Emissionen und  CO2-Effizienz nach Richtlinie 1999\/94\/EG. Weitere Informationen zum  offiziellen Kraftstoffverbrauch und den offiziellen, spezifischen  CO2-Emissionen neuer Personenkraftwagen k\u00f6nnen dem &#8222;Leitfaden \u00fcber  den Kraftstoffverbrauch, die CO2-Emissionen und den Stromverbrauch  neuer Personenkraftwagen&#8220; entnommen werden, der an allen  Verkaufsstellen und bei der DAT Deutsche Automobil Treuhand GmbH,  Hellmuth-Hirth-Str. 1, 73760 Ostfildern-Scharnhausen (www.dat.de),  unentgeltlich erh\u00e4ltlich ist.     SUPERB Plug-In-Hybrid      Die Verbrauchsangaben zum offiziellen Kraftstoffverbrauch  innerorts, au\u00dferorts und kombiniert sowie zu den CO2-Emissionen  liegen derzeit noch nicht vor, da das Fahrzeug noch nicht zum Verkauf angeboten wird und daher nicht der Richtlinie 1999\/94 EG unterliegt.     Batterieelektrischer CITIGO      Die Verbrauchsangaben zum offiziellen Kraftstoffverbrauch  innerorts, au\u00dferorts und kombiniert sowie zu den CO2-Emissionen  liegen derzeit noch nicht vor, da das Fahrzeug noch nicht zum Verkauf angeboten wird und daher nicht der Richtlinie 1999\/94 EG unterliegt.    Pressekontakt: Ulrich Bethscheider-Kieser Leiter Produkt- und Markenkommunikation Tel. +49 6150 133 121 E-Mail: ulrich.bethscheider-kieser@skoda-auto.de  Karel M\u00fcller Media Relations Telefon: +49 6150 133 115 E-Mail: Karel.Mueller@skoda-auto.de  Original-Content von: Skoda Auto Deutschland GmbH, \u00fcbermittelt durch news aktuell<\/p>\n<p>Quelle: <a href=\"https:\/\/www.presseportal.de\/pm\/28249\/4186359\" target=\"_blank\">presseportal.de<\/a><\/p>\n","protected":false},"excerpt":{"rendered":"<p>Mlad\u00e1 Boleslav (ots) &#8211; &#8211; Bereits mehr als 300 Ladepunkte laufen seit 2018 im internen Testbetrieb &#8211; Kooperation zwischen Energieversorger<\/p>\n","protected":false},"author":3,"featured_media":0,"comment_status":"open","ping_status":"open","sticky":false,"template":"","format":"standard","meta":{"colormag_page_container_layout":"default_layout","colormag_page_sidebar_layout":"default_layout","footnotes":""},"categories":[5],"tags":[],"class_list":["post-276529","post","type-post","status-publish","format-standard","hentry","category-politik-wirtschaft"],"_links":{"self":[{"href":"https:\/\/hier-luebeck.de\/index.php\/wp-json\/wp\/v2\/posts\/276529","targetHints":{"allow":["GET"]}}],"collection":[{"href":"https:\/\/hier-luebeck.de\/index.php\/wp-json\/wp\/v2\/posts"}],"about":[{"href":"https:\/\/hier-luebeck.de\/index.php\/wp-json\/wp\/v2\/types\/post"}],"author":[{"embeddable":true,"href":"https:\/\/hier-luebeck.de\/index.php\/wp-json\/wp\/v2\/users\/3"}],"replies":[{"embeddable":true,"href":"https:\/\/hier-luebeck.de\/index.php\/wp-json\/wp\/v2\/comments?post=276529"}],"version-history":[{"count":0,"href":"https:\/\/hier-luebeck.de\/index.php\/wp-json\/wp\/v2\/posts\/276529\/revisions"}],"wp:attachment":[{"href":"https:\/\/hier-luebeck.de\/index.php\/wp-json\/wp\/v2\/media?parent=276529"}],"wp:term":[{"taxonomy":"category","embeddable":true,"href":"https:\/\/hier-luebeck.de\/index.php\/wp-json\/wp\/v2\/categories?post=276529"},{"taxonomy":"post_tag","embeddable":true,"href":"https:\/\/hier-luebeck.de\/index.php\/wp-json\/wp\/v2\/tags?post=276529"}],"curies":[{"name":"wp","href":"https:\/\/api.w.org\/{rel}","templated":true}]}}