{"id":276560,"date":"2019-02-08T09:51:47","date_gmt":"2019-02-08T09:51:47","guid":{"rendered":"http:\/\/www.hier-luebeck.de\/besondere-neuigkeiten\/bpol-ki-luebeck-versuchte-brandstiftung-im-regionalexpress\/"},"modified":"2019-02-08T09:51:47","modified_gmt":"2019-02-08T09:51:47","slug":"bpol-ki-luebeck-versuchte-brandstiftung-im-regionalexpress","status":"publish","type":"post","link":"https:\/\/hier-luebeck.de\/index.php\/bpol-ki-luebeck-versuchte-brandstiftung-im-regionalexpress\/","title":{"rendered":"BPOL-KI: L\u00fcbeck: Versuchte Brandstiftung im Regionalexpress"},"content":{"rendered":"<p>Kiel (ots) &#8211; Unbekannter T\u00e4ter steckte Zeitung in der Zugtoilette  in Brand     Donnerstagabend, 07.02.2019, wurde in einem Regionalexpress auf  der Strecke Hamburg-L\u00fcbeck in einer Zugtoilette eine Zeitung in Brand gesteckt. Ein Reisender bemerkte den Brandgeruch und l\u00f6schte die  brennende Zeitung mittels eines Feuerl\u00f6schers.<!--more--> An der Verkleidung der Toilette waren bei Spurenaufnahme durch die Bundespolizei Brandspuren erkennbar. Das Feuer w\u00e4re augenscheinlich ohne das Eingreifen des  Reisenden geeignet gewesen, die Toilette in Brand zu setzen. Die  Ermittlungen der Bundespolizei dauern an.     <\/p>\n<p>Quelle: <a href=\"https:\/\/www.presseportal.de\/blaulicht\/pm\/70257\/4187649\" target=\"_blank\">presseportal.de<\/a><\/p>\n","protected":false},"excerpt":{"rendered":"<p>Kiel (ots) &#8211; Unbekannter T\u00e4ter steckte Zeitung in der Zugtoilette in Brand Donnerstagabend, 07.02.2019, wurde in einem Regionalexpress auf der<\/p>\n","protected":false},"author":3,"featured_media":0,"comment_status":"open","ping_status":"open","sticky":false,"template":"","format":"standard","meta":{"colormag_page_container_layout":"default_layout","colormag_page_sidebar_layout":"default_layout","footnotes":""},"categories":[20],"tags":[],"class_list":["post-276560","post","type-post","status-publish","format-standard","hentry","category-besondere-neuigkeiten"],"_links":{"self":[{"href":"https:\/\/hier-luebeck.de\/index.php\/wp-json\/wp\/v2\/posts\/276560","targetHints":{"allow":["GET"]}}],"collection":[{"href":"https:\/\/hier-luebeck.de\/index.php\/wp-json\/wp\/v2\/posts"}],"about":[{"href":"https:\/\/hier-luebeck.de\/index.php\/wp-json\/wp\/v2\/types\/post"}],"author":[{"embeddable":true,"href":"https:\/\/hier-luebeck.de\/index.php\/wp-json\/wp\/v2\/users\/3"}],"replies":[{"embeddable":true,"href":"https:\/\/hier-luebeck.de\/index.php\/wp-json\/wp\/v2\/comments?post=276560"}],"version-history":[{"count":0,"href":"https:\/\/hier-luebeck.de\/index.php\/wp-json\/wp\/v2\/posts\/276560\/revisions"}],"wp:attachment":[{"href":"https:\/\/hier-luebeck.de\/index.php\/wp-json\/wp\/v2\/media?parent=276560"}],"wp:term":[{"taxonomy":"category","embeddable":true,"href":"https:\/\/hier-luebeck.de\/index.php\/wp-json\/wp\/v2\/categories?post=276560"},{"taxonomy":"post_tag","embeddable":true,"href":"https:\/\/hier-luebeck.de\/index.php\/wp-json\/wp\/v2\/tags?post=276560"}],"curies":[{"name":"wp","href":"https:\/\/api.w.org\/{rel}","templated":true}]}}