{"id":276561,"date":"2019-02-08T09:48:55","date_gmt":"2019-02-08T09:48:55","guid":{"rendered":"http:\/\/www.hier-luebeck.de\/besondere-neuigkeiten\/bpol-ki-kiel-zwei-festnahmen-durch-die-bundespolizei-im-kieler-hauptbahnhof\/"},"modified":"2019-02-08T09:48:55","modified_gmt":"2019-02-08T09:48:55","slug":"bpol-ki-kiel-zwei-festnahmen-durch-die-bundespolizei-im-kieler-hauptbahnhof","status":"publish","type":"post","link":"https:\/\/hier-luebeck.de\/index.php\/bpol-ki-kiel-zwei-festnahmen-durch-die-bundespolizei-im-kieler-hauptbahnhof\/","title":{"rendered":"BPOL-KI: Kiel: Zwei Festnahmen durch die Bundespolizei im Kieler Hauptbahnhof"},"content":{"rendered":"<p>Kiel (ots) &#8211; 34-j\u00e4hrige war wegen gewerbsm\u00e4\u00dfigem Diebstahl zur  Festnahme ausgeschrieben,  41-j\u00e4hriger war wegen Erschleichen von  Leistungen zu Geldstrafe verurteilt, hatte aber nicht gezahlt.     Donnerstagnachmittag, 07.02.2019, kontrollierten Bundespolizisten  im Kieler Hauptbahnhof eine 34 Jahre alte Frau.<!--more--> Bei der \u00dcberpr\u00fcfung  ihrer Identit\u00e4tspapiere kam heraus, dass die 34-j\u00e4hige wegen  gewerbsm\u00e4\u00dfigem Diebstahl in mehreren F\u00e4llen zu einer 7-monatigen  Haftstrafe verurteilt worden war. In den Dienstr\u00e4umen der  Bundespolizei wurde der Haftbefehl er\u00f6ffnet, dann ging die  Weiterreise in einem Dienst-Kfz der Bundespolizei in die  Justizvollzugsanstalt.     Einige Zeit sp\u00e4ter wurde &#8211; ebenfalls im Kieler Hauptbahnhof &#8211; ein  41 Jahre alter Mann kontrolliert. Die \u00dcberpr\u00fcfung verlief zwar  negativ, die Bundespolizisten fanden aber das Schreiben eines  Gerichtsvollziehers zur Zwangsvollstreckung. Die Beamten nahmen den  41-j\u00e4hrigen zur weiteren Kl\u00e4rung mit in die Dienstr\u00e4ume, dort stellte sich dann nach Kontaktaufnahme mit der Landespolizei heraus, dass  gegen den Mann ein Haftbefehl vorlag. Wegen Erschleichen von  Leistungen in mehreren F\u00e4llen war er zur Zahlung einer Geldstrafe in  H\u00f6he von insgesamt knapp 800,- Euro verurteilt worden. Geld hatte er  keins, so kam die Ersatzfreiheitsstrafe \u00fcber 68 Tage zum Zuge. Der  Mann wurde am Abend ebenfalls durch die Bundespolizei in die  Justizvollzugsanstalt eingeliefert.     <\/p>\n<p>Quelle: <a href=\"https:\/\/www.presseportal.de\/blaulicht\/pm\/70257\/4187643\" target=\"_blank\">presseportal.de<\/a><\/p>\n","protected":false},"excerpt":{"rendered":"<p>Kiel (ots) &#8211; 34-j\u00e4hrige war wegen gewerbsm\u00e4\u00dfigem Diebstahl zur Festnahme ausgeschrieben, 41-j\u00e4hriger war wegen Erschleichen von Leistungen zu Geldstrafe verurteilt,<\/p>\n","protected":false},"author":3,"featured_media":0,"comment_status":"open","ping_status":"open","sticky":false,"template":"","format":"standard","meta":{"colormag_page_container_layout":"default_layout","colormag_page_sidebar_layout":"default_layout","footnotes":""},"categories":[20],"tags":[],"class_list":["post-276561","post","type-post","status-publish","format-standard","hentry","category-besondere-neuigkeiten"],"_links":{"self":[{"href":"https:\/\/hier-luebeck.de\/index.php\/wp-json\/wp\/v2\/posts\/276561","targetHints":{"allow":["GET"]}}],"collection":[{"href":"https:\/\/hier-luebeck.de\/index.php\/wp-json\/wp\/v2\/posts"}],"about":[{"href":"https:\/\/hier-luebeck.de\/index.php\/wp-json\/wp\/v2\/types\/post"}],"author":[{"embeddable":true,"href":"https:\/\/hier-luebeck.de\/index.php\/wp-json\/wp\/v2\/users\/3"}],"replies":[{"embeddable":true,"href":"https:\/\/hier-luebeck.de\/index.php\/wp-json\/wp\/v2\/comments?post=276561"}],"version-history":[{"count":0,"href":"https:\/\/hier-luebeck.de\/index.php\/wp-json\/wp\/v2\/posts\/276561\/revisions"}],"wp:attachment":[{"href":"https:\/\/hier-luebeck.de\/index.php\/wp-json\/wp\/v2\/media?parent=276561"}],"wp:term":[{"taxonomy":"category","embeddable":true,"href":"https:\/\/hier-luebeck.de\/index.php\/wp-json\/wp\/v2\/categories?post=276561"},{"taxonomy":"post_tag","embeddable":true,"href":"https:\/\/hier-luebeck.de\/index.php\/wp-json\/wp\/v2\/tags?post=276561"}],"curies":[{"name":"wp","href":"https:\/\/api.w.org\/{rel}","templated":true}]}}