{"id":276581,"date":"2019-02-07T10:46:22","date_gmt":"2019-02-07T10:46:22","guid":{"rendered":"http:\/\/www.hier-luebeck.de\/besondere-neuigkeiten\/pol-rz-mustin-toedlicher-verkehrsunfall\/"},"modified":"2019-02-07T10:46:22","modified_gmt":"2019-02-07T10:46:22","slug":"pol-rz-mustin-toedlicher-verkehrsunfall","status":"publish","type":"post","link":"https:\/\/hier-luebeck.de\/index.php\/pol-rz-mustin-toedlicher-verkehrsunfall\/","title":{"rendered":"POL-RZ: &#8211; Mustin &#8211; T\u00f6dlicher Verkehrsunfall"},"content":{"rendered":"<p>Ratzeburg (ots) &#8211; Gemeinsame Medieninformation der  Staatsanwaltschaft L\u00fcbeck und der Polizeidirektion Ratzeburg     Am 06.02.2019, gegen 21.35 Uhr, kam es im Verlauf der Bundesstra\u00dfe 208, Fahrtrichtung Ratzeburg, in H\u00f6he der Ortschaft Mustin, zu einem  schweren Verkehrsunfall, bei dem eine Person t\u00f6dlich verletzt wurde.<!--more-->     Eine 46-j\u00e4hrige Frau aus dem M\u00f6llner Umland befuhr mit Ihrem  Mitsubishi die B 208 in Richtung Ratzeburg. Kurz hinter der  Landesgrenze S-H kam sie nach links von der Stra\u00dfe ab und prallte  offensichtlich ungebremst frontal gegen einen Baum. Die 46-j\u00e4hrige  war nach ersten Ermittlungen nicht angeschnallt und erlitt  lebensgef\u00e4hrliche Verletzungen, denen sie noch an der Unfallstelle  erlag.     An dem Fahrzeug entstand ein Sachschaden von ca. 13.500,- Euro.     Die Unfallursache ist noch unklar. Das Polizeirevier Ratzeburg hat Ermittlungen aufgenommen. Nach entsprechender R\u00fccksprache  ordnete  die zust\u00e4ndige Staatsanwaltschaft L\u00fcbeck f\u00fcr die Unfallaufnahme die  Hinzuziehung eines Gutachters an.     Hinweise: Nachfragen zu dieser Medieninformation richten Sie bitte an die Pressestelle der Polizeidirektion Ratzeburg.     <\/p>\n<p>Quelle: <a href=\"https:\/\/www.presseportal.de\/blaulicht\/pm\/43735\/4186747\" target=\"_blank\">presseportal.de<\/a><\/p>\n","protected":false},"excerpt":{"rendered":"<p>Ratzeburg (ots) &#8211; Gemeinsame Medieninformation der Staatsanwaltschaft L\u00fcbeck und der Polizeidirektion Ratzeburg Am 06.02.2019, gegen 21.35 Uhr, kam es im<\/p>\n","protected":false},"author":3,"featured_media":0,"comment_status":"open","ping_status":"open","sticky":false,"template":"","format":"standard","meta":{"colormag_page_container_layout":"default_layout","colormag_page_sidebar_layout":"default_layout","footnotes":""},"categories":[20],"tags":[],"class_list":["post-276581","post","type-post","status-publish","format-standard","hentry","category-besondere-neuigkeiten"],"_links":{"self":[{"href":"https:\/\/hier-luebeck.de\/index.php\/wp-json\/wp\/v2\/posts\/276581","targetHints":{"allow":["GET"]}}],"collection":[{"href":"https:\/\/hier-luebeck.de\/index.php\/wp-json\/wp\/v2\/posts"}],"about":[{"href":"https:\/\/hier-luebeck.de\/index.php\/wp-json\/wp\/v2\/types\/post"}],"author":[{"embeddable":true,"href":"https:\/\/hier-luebeck.de\/index.php\/wp-json\/wp\/v2\/users\/3"}],"replies":[{"embeddable":true,"href":"https:\/\/hier-luebeck.de\/index.php\/wp-json\/wp\/v2\/comments?post=276581"}],"version-history":[{"count":0,"href":"https:\/\/hier-luebeck.de\/index.php\/wp-json\/wp\/v2\/posts\/276581\/revisions"}],"wp:attachment":[{"href":"https:\/\/hier-luebeck.de\/index.php\/wp-json\/wp\/v2\/media?parent=276581"}],"wp:term":[{"taxonomy":"category","embeddable":true,"href":"https:\/\/hier-luebeck.de\/index.php\/wp-json\/wp\/v2\/categories?post=276581"},{"taxonomy":"post_tag","embeddable":true,"href":"https:\/\/hier-luebeck.de\/index.php\/wp-json\/wp\/v2\/tags?post=276581"}],"curies":[{"name":"wp","href":"https:\/\/api.w.org\/{rel}","templated":true}]}}