{"id":276583,"date":"2019-02-07T16:13:16","date_gmt":"2019-02-07T16:13:16","guid":{"rendered":"http:\/\/www.hier-luebeck.de\/besondere-neuigkeiten\/pol-hl-hl-st-juergen-eigentuemer-nach-fahrraddiebstahl-gesucht\/"},"modified":"2019-02-07T16:13:16","modified_gmt":"2019-02-07T16:13:16","slug":"pol-hl-hl-st-juergen-eigentuemer-nach-fahrraddiebstahl-gesucht","status":"publish","type":"post","link":"https:\/\/hier-luebeck.de\/index.php\/pol-hl-hl-st-juergen-eigentuemer-nach-fahrraddiebstahl-gesucht\/","title":{"rendered":"POL-HL: HL &#8211; St. J\u00fcrgen   :\n\nEigent\u00fcmer nach Fahrraddiebstahl gesucht"},"content":{"rendered":"<p><img decoding=\"async\" class=\"alignleft size-full\" title=\"Foto: (C) Polizei, freigegeben\" src=\"https:\/\/cache.pressmailing.net\/thumbnail\/story_big\/333b3333-2871-4bff-a1ab-ad2df3f5c7af\/20190116_130935.jpg\" \/><\/p>\n<p>L\u00fcbeck (ots) &#8211;     Anfang Januar 2019 kam es im Bereich L\u00fcbeck St. J\u00fcrgen zu einem  Wohnungseinbruchdiebstahl in eine Erdgeschosswohnung eines  Mehrfamilienhauses. Der Tatverd\u00e4chtige fl\u00fcchtete, lie\u00df jedoch ein  offenbar zuvor entwendetes Fahrrad zur\u00fcck. Die L\u00fcbecker  Kriminalpolizei sucht jetzt den rechtm\u00e4\u00dfigen Besitzer des Rades.<!--more-->     Bei dem Einbruch am 05.01.2019 wurde der  Tatverd\u00e4chtige durch die nach Hause kommende Gesch\u00e4digte \u00fcberrascht. Er fl\u00fcchtete mit einem  Laptop in der Hand, welcher ihm auf der Stra\u00dfe durch den Freund der  Gesch\u00e4digten wieder entrissen wurde. Anschlie\u00dfend fl\u00fcchtete er  fu\u00dfl\u00e4ufig und lie\u00df sein Fahrrad sowie eine im Korb befindliche  Sporttasche vor dem Mehrfamilienhaus in der Petersstra\u00dfe zur\u00fcck.     Es wird davon ausgegangen, dass das Fahrrad durch den  Tatverd\u00e4chtigen vor dem Einbruch  entwendet wurde. Die  Ermittlungsgruppe Wohnungseinbruchdiebstahl der L\u00fcbecker  Kriminalpolizei  sucht in diesem Zusammenhang jetzt den rechtm\u00e4\u00dfigen  Eigent\u00fcmer des blau gr\u00fcnen 28-Zoll Damenrades der Marke &#8222;Bauer&#8220;. Das  Rad verf\u00fcgt \u00fcber eine sogenannte Grip-Shift-Schaltung. Sachdienliche  Hinweise nehmen die Beamten unter der Telefonnummer 0451\/ 1310  entgegen.     <\/p>\n<p>Quelle: <a href=\"https:\/\/www.presseportal.de\/blaulicht\/pm\/43738\/4187351\" target=\"_blank\">presseportal.de<\/a><\/p>\n","protected":false},"excerpt":{"rendered":"<p>L\u00fcbeck (ots) &#8211; Anfang Januar 2019 kam es im Bereich L\u00fcbeck St. J\u00fcrgen zu einem Wohnungseinbruchdiebstahl in eine Erdgeschosswohnung eines<\/p>\n","protected":false},"author":3,"featured_media":0,"comment_status":"open","ping_status":"open","sticky":false,"template":"","format":"standard","meta":{"colormag_page_container_layout":"default_layout","colormag_page_sidebar_layout":"default_layout","footnotes":""},"categories":[20],"tags":[],"class_list":["post-276583","post","type-post","status-publish","format-standard","hentry","category-besondere-neuigkeiten"],"_links":{"self":[{"href":"https:\/\/hier-luebeck.de\/index.php\/wp-json\/wp\/v2\/posts\/276583","targetHints":{"allow":["GET"]}}],"collection":[{"href":"https:\/\/hier-luebeck.de\/index.php\/wp-json\/wp\/v2\/posts"}],"about":[{"href":"https:\/\/hier-luebeck.de\/index.php\/wp-json\/wp\/v2\/types\/post"}],"author":[{"embeddable":true,"href":"https:\/\/hier-luebeck.de\/index.php\/wp-json\/wp\/v2\/users\/3"}],"replies":[{"embeddable":true,"href":"https:\/\/hier-luebeck.de\/index.php\/wp-json\/wp\/v2\/comments?post=276583"}],"version-history":[{"count":0,"href":"https:\/\/hier-luebeck.de\/index.php\/wp-json\/wp\/v2\/posts\/276583\/revisions"}],"wp:attachment":[{"href":"https:\/\/hier-luebeck.de\/index.php\/wp-json\/wp\/v2\/media?parent=276583"}],"wp:term":[{"taxonomy":"category","embeddable":true,"href":"https:\/\/hier-luebeck.de\/index.php\/wp-json\/wp\/v2\/categories?post=276583"},{"taxonomy":"post_tag","embeddable":true,"href":"https:\/\/hier-luebeck.de\/index.php\/wp-json\/wp\/v2\/tags?post=276583"}],"curies":[{"name":"wp","href":"https:\/\/api.w.org\/{rel}","templated":true}]}}