{"id":276588,"date":"2019-02-08T11:39:49","date_gmt":"2019-02-08T11:39:49","guid":{"rendered":"http:\/\/www.hier-luebeck.de\/besondere-neuigkeiten\/pol-se-bad-segeberg-einladung-zur-preisverleihung-schon-gecheckt\/"},"modified":"2019-02-08T11:39:49","modified_gmt":"2019-02-08T11:39:49","slug":"pol-se-bad-segeberg-einladung-zur-preisverleihung-schon-gecheckt","status":"publish","type":"post","link":"https:\/\/hier-luebeck.de\/index.php\/pol-se-bad-segeberg-einladung-zur-preisverleihung-schon-gecheckt\/","title":{"rendered":"POL-SE: Bad Segeberg &#8211; Einladung zur Preisverleihung &#8222;Schon gecheckt?!&#8220;"},"content":{"rendered":"<p>Bad Segeberg (ots) &#8211; Das Fahrrad hat seinen Platz im  Stra\u00dfenverkehr l\u00e4ngst erobert. Zu viele Radfahrer vernachl\u00e4ssigen es  jedoch, sich um die Verkehrssicherheit ihres Gef\u00e4hrts zu k\u00fcmmern.  Insbesondere in der dunklen Jahreszeit r\u00fcckt die Erkennbarkeit der  Zweiradfahrer nicht nur im Rahmen der polizeilichen Schulwegsicherung in den Vordergrund.<!--more-->     Viele Radfahrer w\u00fcnschen sich mehr Aufmerksamkeit und R\u00fccksicht  von Autofahrern, jedoch gilt es gleicherma\u00dfen f\u00fcr die sogenannten  schwachen Verkehrsteilnehmer, beispielsweise auf den ordnungsgem\u00e4\u00dfen  Zustand des Fahrrades, die richtige Kleidung sowie die Einhaltung der Verkehrsregeln zu achten.     Vor diesem Hintergrund haben sich vor einigen Jahren mehrere  Beh\u00f6rden und Institutionen in der benachbarten Hansestadt Hamburg  zusammengetan und gemeinsam das Projekt &#8222;Schon gecheckt&#8220; ins Leben  gerufen. Seit dem Jahre 2007 f\u00fchrt die PD Bad Segeberg in Anlehnung  an das Hamburger Modell diese Aktion gemeinsam mit den  Verkehrsaufsichten der Kreise Segeberg und Pinneberg, den  Kreisverkehrswachten Segeberg und Pinneberg sowie der  Ortsverkehrswacht Norderstedt eigenst\u00e4ndig durch.     \u00dcberwiegend die Kinder der 4. Klassen stellen hierbei die  Zielgruppe dar. F\u00fcr sie ist das Fahrrad das beliebteste  Fortbewegungsmittel auf ihrem Weg zur Schule. Die Verkehrssicherheit  der R\u00e4der ger\u00e4t hierbei jedoch h\u00e4ufig in den Hintergrund.  Einhergehend mit einem deutlich erh\u00f6hten Verkehrsaufkommen steigt das Unfallrisiko f\u00fcr die Schulkinder ungemein.     Die Aktion &#8222;Schon gecheckt&#8220; animiert die Kids, sich um das eigene  Gef\u00e4hrt zu k\u00fcmmern und es im Rahmen eines Wettbewerbes &#8222;checken&#8220; zu  lassen, so dass sich schlussendlich immer mehr \u00fcberpr\u00fcfte Fahrr\u00e4der  in einem verkehrssicheren Zustand befinden. Davon konnte sich die  Polizei in den vergangenen Monaten ein Bild machen.     Im vergangenen Jahr wurde die Aktion vom 8.Oktober bis zum 14.  Dezember durchgef\u00fchrt. Zielgruppe waren grunds\u00e4tzlich Kinder der  vierten Klassen, da Schulen in diesem Zeitraum die Radfahrausbildung  vornehmen und die Polizei anschlie\u00dfend die Radfahrpr\u00fcfungen abnimmt.     Die Informationen zur Aktion wurden \u00fcber die jeweiligen Schul\u00e4mter der Landkreise Pinneberg und Segeberg an alle betroffenen Schulen  gesteuert. Schulen, die sich beteiligen wollten, erhielten  entsprechende Kontrollberichte. Anschlie\u00dfend \u00fcberpr\u00fcften  Pr\u00e4ventionsbeamtinnen und -beamte der Polizeidirektion Bad Segeberg  gemeinsam mit Kolleginnen und Kollegen der \u00f6rtlichen  Polizeidienststellen die Fahrr\u00e4der auf ihren ordnungsgem\u00e4\u00dfen Zustand  hin. War das Fahrrad m\u00e4ngelfrei, so verblieb der Kontrollbericht bei  der Polizei und stellte gleichzeitig der Gewinnabschnitt des Kindes  f\u00fcr die sp\u00e4tere Verlosung dar. Waren M\u00e4ngel abzustellen, so mussten  diese behoben und das Fahrrad erneut vorgestellt werden, bevor der  Kontrollbericht in die Lostrommel wanderte.     Dar\u00fcber hinaus konnten alle Kinder mit ihren Fahrr\u00e4dern zu einer  Polizeidienststelle ihrer Wahl fahren und ihr Zweirad dort checken  lassen. Um weitere Altersgruppen zu erreichen, fanden seitens der  Dienststellen ebenfalls Kontrollen an den Schulen sowie auf den  Schulwegen statt. Von rund 1500 kontrollierten Fahrr\u00e4dern gingen bis  zum Ende der Aktion etwa 900 Gewinnabschnitte bei der Polizei ein.  Aus diesen Teilnehmern wurden pro Landkreis jeweils f\u00fcnf  Gewinnerinnen oder Gewinner gezogen und benachrichtigt.     Die Preisverleihung rund um das Verkehrssicherheitsprojekt &#8222;Schon  gecheckt?!&#8220; f\u00fcr den Kreis Segeberg findet am Montag, den 11. Februar  2019, um 15 Uhr in den R\u00e4umlichkeiten der Polizeidirektion Bad  Segeberg statt. Der Landrat des Kreises Segeberg sowie Vertreter der  Polizeidirektion Bad Segeberg und der Kreisverkehrswacht Segeberg  werden die Preise pers\u00f6nlich \u00fcberreichen.     \u00d6rtliche Medienvertreter sind herzlich eingeladen, die  Veranstaltung zu begleiten.     Polizeidirektion Bad Segeberg &#8211; Pressestelle &#8211; Dorfstr. 16-18 23795 Bad Segeberg  Nico M\u00f6ller Telefon: 04551-884-2020 Handy: 0160-3619378 E-Mail: Nico.Moeller@polizei.landsh.de  Original-Content von: Polizeidirektion Bad Segeberg, \u00fcbermittelt durch news aktuell<\/p>\n<p>Quelle: <a href=\"https:\/\/www.presseportal.de\/blaulicht\/pm\/19027\/4187906\" target=\"_blank\">presseportal.de<\/a><\/p>\n","protected":false},"excerpt":{"rendered":"<p>Bad Segeberg (ots) &#8211; Das Fahrrad hat seinen Platz im Stra\u00dfenverkehr l\u00e4ngst erobert. Zu viele Radfahrer vernachl\u00e4ssigen es jedoch, sich<\/p>\n","protected":false},"author":3,"featured_media":0,"comment_status":"open","ping_status":"open","sticky":false,"template":"","format":"standard","meta":{"colormag_page_container_layout":"default_layout","colormag_page_sidebar_layout":"default_layout","footnotes":""},"categories":[20],"tags":[],"class_list":["post-276588","post","type-post","status-publish","format-standard","hentry","category-besondere-neuigkeiten"],"_links":{"self":[{"href":"https:\/\/hier-luebeck.de\/index.php\/wp-json\/wp\/v2\/posts\/276588","targetHints":{"allow":["GET"]}}],"collection":[{"href":"https:\/\/hier-luebeck.de\/index.php\/wp-json\/wp\/v2\/posts"}],"about":[{"href":"https:\/\/hier-luebeck.de\/index.php\/wp-json\/wp\/v2\/types\/post"}],"author":[{"embeddable":true,"href":"https:\/\/hier-luebeck.de\/index.php\/wp-json\/wp\/v2\/users\/3"}],"replies":[{"embeddable":true,"href":"https:\/\/hier-luebeck.de\/index.php\/wp-json\/wp\/v2\/comments?post=276588"}],"version-history":[{"count":0,"href":"https:\/\/hier-luebeck.de\/index.php\/wp-json\/wp\/v2\/posts\/276588\/revisions"}],"wp:attachment":[{"href":"https:\/\/hier-luebeck.de\/index.php\/wp-json\/wp\/v2\/media?parent=276588"}],"wp:term":[{"taxonomy":"category","embeddable":true,"href":"https:\/\/hier-luebeck.de\/index.php\/wp-json\/wp\/v2\/categories?post=276588"},{"taxonomy":"post_tag","embeddable":true,"href":"https:\/\/hier-luebeck.de\/index.php\/wp-json\/wp\/v2\/tags?post=276588"}],"curies":[{"name":"wp","href":"https:\/\/api.w.org\/{rel}","templated":true}]}}