{"id":276592,"date":"2019-02-08T14:28:20","date_gmt":"2019-02-08T14:28:20","guid":{"rendered":"http:\/\/www.hier-luebeck.de\/politik-wirtschaft\/deutsche-exporte-nach-asien-legten-2018-erneut-zu-indien-china-und-die-asean-staaten-gewinnen-an-bedeutung\/"},"modified":"2019-02-08T14:28:20","modified_gmt":"2019-02-08T14:28:20","slug":"deutsche-exporte-nach-asien-legten-2018-erneut-zu-indien-china-und-die-asean-staaten-gewinnen-an-bedeutung","status":"publish","type":"post","link":"https:\/\/hier-luebeck.de\/index.php\/deutsche-exporte-nach-asien-legten-2018-erneut-zu-indien-china-und-die-asean-staaten-gewinnen-an-bedeutung\/","title":{"rendered":"Deutsche Exporte nach Asien legten 2018 erneut zu \/ Indien, China und die ASEAN-Staaten gewinnen an Bedeutung"},"content":{"rendered":"<p>Berlin\/Bonn (GTAI) (ots) &#8211; Trotz einer Stagnation im November und  eines R\u00fcckgangs im Dezember stiegen die deutschen Ausfuhren im Jahr  2018 nach vorl\u00e4ufigen Angaben des statistischen Bundesamts um 3,0  Prozent gegen\u00fcber dem Vorjahr.<!--more--> Obwohl der Handelskonflikt zwischen  den USA und der VR China die weltwirtschaftliche Lage tr\u00fcbt, kamen  die wichtigsten Impulse f\u00fcr die deutschen Exporte weiter aus Asien.  Die deutschen Lieferungen in die Asien-Pazifik-Region stiegen mit  einem Plus von 6,7 Prozent mehr als doppelt so schnell wie die  gesamten Ausfuhren Deutschlands.     &#8222;Besonders stark legten unter den gr\u00f6\u00dferen Handelspartnern die  deutschen Exporte nach Indien mit 17,0 Prozent, in die  s\u00fcdostasiatische Staatengemeinschaft ASEAN mit 11,4 Prozent und nach  China mit 8,1 Prozent zu. In der ASEAN lagen bei den Wachstumsraten  die Philippinen mit 26,5 Prozent, Vietnam mit 18,3 Prozent und  Singapur mit 15,0 Prozent an der Spitze&#8220;, sagt Frank Robaschik,  Bereichsleiter f\u00fcr die Region Asien-Pazifik bei Germany Trade &amp;  Invest (GTAI) in Bonn.     Der kurzfristige Ausblick f\u00fcr die deutschen Ausfuhren in die  Region ist jedoch unsicher. Nach Prognosen des IWF vom Oktober 2018  d\u00fcrfte die Region in den n\u00e4chsten f\u00fcnf Jahren bis 2023 fast die  H\u00e4lfte der Zunahme der weltweiten Wirtschaftsleistung stellen.  Dennoch wirkt sich der Handelskonflikt zwischen China und den USA auf den Welthandel und damit auch auf die deutschen Ausfuhren nach Asien  aus. So fielen die deutschen Exporte nach China im Dezember 2018 um  7,6 Prozent gegen\u00fcber dem gleichen Monat des Vorjahres. &#8222;Die neuen  Freihandelsabkommen der EU mit Japan sowie aller Voraussicht nach in  den kommenden Jahren auch mit Singapur, Vietnam, Australien und  Neuseeland d\u00fcrften die Bedeutung der Region f\u00fcr Deutschland dagegen  zus\u00e4tzlich st\u00e4rken&#8220;, so Robaschik weiter.     Weiterf\u00fchrende Informationen zu Asien unter:  www.gtai.de\/asien-pazifik     Germany Trade &amp; Invest (GTAI) ist die  Wirtschaftsf\u00f6rderungsgesellschaft der Bundesrepublik Deutschland. Die Gesellschaft informiert deutsche Unternehmen \u00fcber Auslandsm\u00e4rkte,  wirbt f\u00fcr den Wirtschafts- und Technologiestandort Deutschland und  begleitet ausl\u00e4ndische Unternehmen bei der Ansiedlung in Deutschland.    Pressekontakt: Esad Fazlic T +49 (0)30 200 099-151 esad.fazlic@gtai.com http:\/\/twitter.com\/gtai_de  http:\/\/youtube.com\/gtai  Original-Content von: Germany Trade and Invest, \u00fcbermittelt durch news aktuell<\/p>\n<p>Quelle: <a href=\"https:\/\/www.presseportal.de\/pm\/74441\/4188265\" target=\"_blank\">presseportal.de<\/a><\/p>\n","protected":false},"excerpt":{"rendered":"<p>Berlin\/Bonn (GTAI) (ots) &#8211; Trotz einer Stagnation im November und eines R\u00fcckgangs im Dezember stiegen die deutschen Ausfuhren im Jahr<\/p>\n","protected":false},"author":3,"featured_media":0,"comment_status":"open","ping_status":"open","sticky":false,"template":"","format":"standard","meta":{"colormag_page_container_layout":"default_layout","colormag_page_sidebar_layout":"default_layout","footnotes":""},"categories":[5],"tags":[],"class_list":["post-276592","post","type-post","status-publish","format-standard","hentry","category-politik-wirtschaft"],"_links":{"self":[{"href":"https:\/\/hier-luebeck.de\/index.php\/wp-json\/wp\/v2\/posts\/276592","targetHints":{"allow":["GET"]}}],"collection":[{"href":"https:\/\/hier-luebeck.de\/index.php\/wp-json\/wp\/v2\/posts"}],"about":[{"href":"https:\/\/hier-luebeck.de\/index.php\/wp-json\/wp\/v2\/types\/post"}],"author":[{"embeddable":true,"href":"https:\/\/hier-luebeck.de\/index.php\/wp-json\/wp\/v2\/users\/3"}],"replies":[{"embeddable":true,"href":"https:\/\/hier-luebeck.de\/index.php\/wp-json\/wp\/v2\/comments?post=276592"}],"version-history":[{"count":0,"href":"https:\/\/hier-luebeck.de\/index.php\/wp-json\/wp\/v2\/posts\/276592\/revisions"}],"wp:attachment":[{"href":"https:\/\/hier-luebeck.de\/index.php\/wp-json\/wp\/v2\/media?parent=276592"}],"wp:term":[{"taxonomy":"category","embeddable":true,"href":"https:\/\/hier-luebeck.de\/index.php\/wp-json\/wp\/v2\/categories?post=276592"},{"taxonomy":"post_tag","embeddable":true,"href":"https:\/\/hier-luebeck.de\/index.php\/wp-json\/wp\/v2\/tags?post=276592"}],"curies":[{"name":"wp","href":"https:\/\/api.w.org\/{rel}","templated":true}]}}