{"id":276652,"date":"2019-02-10T10:08:00","date_gmt":"2019-02-10T10:08:00","guid":{"rendered":"http:\/\/www.hier-luebeck.de\/politik-wirtschaft\/gefaehrliche-wachstumsschwaeche-deutschlands-durch-lohnzuwaechse-und-energiekosten-foto\/"},"modified":"2019-02-10T10:08:00","modified_gmt":"2019-02-10T10:08:00","slug":"gefaehrliche-wachstumsschwaeche-deutschlands-durch-lohnzuwaechse-und-energiekosten-foto","status":"publish","type":"post","link":"https:\/\/hier-luebeck.de\/index.php\/gefaehrliche-wachstumsschwaeche-deutschlands-durch-lohnzuwaechse-und-energiekosten-foto\/","title":{"rendered":"Gef\u00e4hrliche Wachstumsschw\u00e4che Deutschlands durch Lohnzuw\u00e4chse und Energiekosten (FOTO)"},"content":{"rendered":"<p><img decoding=\"async\" class=\"alignleft size-full\" title=\"Plenary session in Brussels week 05 2015. Weiterer Text \u00fcber ots und www.presseportal.de\/nr\/130378 \/ Die Verwendung dieses Bildes ist f\u00fcr redaktionelle Zwecke honorarfrei. Ver\u00f6ffentlichung bitte unter Quellenangabe: \"obs\/LKR - Die Eurokritiker\/Francois WALSCHAERTS\"\" src=\"https:\/\/cache.pressmailing.net\/thumbnail\/story_big\/0d736ffd-27ef-4bbc-8e48-3eee34a8c7a9\/20150128_EP-015468_FWA_238_RESIZED_S.jpg\" \/><\/p>\n<p>Br\u00fcssel (ots) &#8211;     Besorgt reagierte der Europaabgeordnete Bernd Lucke  (Liberal-Konservative Reformer) auf die soeben bekanntgewordene  Wachstumsprognose der Europ\u00e4ischen Kommission: &#8222;Deutschland liegt  2019 auf dem vorletzten Platz der 28 EU-Mitglieder. Nur Italien  w\u00e4chst noch langsamer.<!--more--> Das zeigt, dass Deutschland in den n\u00e4chsten  Jahren auf keinen Fall wieder als Zahlmeister der europ\u00e4ischen  Krisenstaaten herangezogen werden darf.&#8220;     &#8222;Die EU-Staaten sollten alle Tr\u00e4ume einer Transferunion umgehend  begraben. Deutschland kann das nicht auch noch finanzieren.&#8220;, sagte  Lucke. &#8222;Es besteht die Gefahr, dass Deutschland demn\u00e4chst wieder der  kranke Mann Europas ist. Diese Situation hatten wir schon in den  ersten Jahren des Euros.&#8220; Lucke argumentierte, dass die  betr\u00e4chtlichen Lohnzuw\u00e4chse in Deutschland die Wettbewerbssituation  Deutschlands bereits seit geraumer Zeit verschlechterten. Zudem  belaste der starke Preisanstieg bei CO2-Zertifikaten die  energieintensive Produktion in Deutschland. Lucke kritisierte, dass  viele Betriebe im Energiebereich doppelt belastet w\u00fcrden, weil sie  mit der EEG-Umlage auch noch einen deutschen Sonderweg in der  Energiepolitik finanzieren m\u00fcssten.     Lucke verwies darauf, dass f\u00fcr Deutschland nur noch ein Wachstum  von 1,3% prognostiziert werde. Das sei viel weniger als noch vor  wenigen Monaten. Eine weitere Eintr\u00fcbung sei zu bef\u00fcrchten. Zu Recht  habe Finanzminister Scholz darauf verwiesen, dass die fetten Jahre  f\u00fcr Deutschland vorbei seien.    Pressekontakt: Johannes Willi Knaup Gesch\u00e4ftsstelle Paderborn Giersmauer 1 33098 Paderborn Tel.: +49 (0) 171 2064422 willi.knaup@lkr.de  Original-Content von: LKR &#8211; Die Eurokritiker, \u00fcbermittelt durch news aktuell<\/p>\n<p>Quelle: <a href=\"https:\/\/www.presseportal.de\/pm\/130378\/4188932\" target=\"_blank\">presseportal.de<\/a><\/p>\n","protected":false},"excerpt":{"rendered":"<p>Br\u00fcssel (ots) &#8211; Besorgt reagierte der Europaabgeordnete Bernd Lucke (Liberal-Konservative Reformer) auf die soeben bekanntgewordene Wachstumsprognose der Europ\u00e4ischen Kommission: &#8222;Deutschland<\/p>\n","protected":false},"author":3,"featured_media":0,"comment_status":"open","ping_status":"open","sticky":false,"template":"","format":"standard","meta":{"colormag_page_container_layout":"default_layout","colormag_page_sidebar_layout":"default_layout","footnotes":""},"categories":[5],"tags":[],"class_list":["post-276652","post","type-post","status-publish","format-standard","hentry","category-politik-wirtschaft"],"_links":{"self":[{"href":"https:\/\/hier-luebeck.de\/index.php\/wp-json\/wp\/v2\/posts\/276652","targetHints":{"allow":["GET"]}}],"collection":[{"href":"https:\/\/hier-luebeck.de\/index.php\/wp-json\/wp\/v2\/posts"}],"about":[{"href":"https:\/\/hier-luebeck.de\/index.php\/wp-json\/wp\/v2\/types\/post"}],"author":[{"embeddable":true,"href":"https:\/\/hier-luebeck.de\/index.php\/wp-json\/wp\/v2\/users\/3"}],"replies":[{"embeddable":true,"href":"https:\/\/hier-luebeck.de\/index.php\/wp-json\/wp\/v2\/comments?post=276652"}],"version-history":[{"count":0,"href":"https:\/\/hier-luebeck.de\/index.php\/wp-json\/wp\/v2\/posts\/276652\/revisions"}],"wp:attachment":[{"href":"https:\/\/hier-luebeck.de\/index.php\/wp-json\/wp\/v2\/media?parent=276652"}],"wp:term":[{"taxonomy":"category","embeddable":true,"href":"https:\/\/hier-luebeck.de\/index.php\/wp-json\/wp\/v2\/categories?post=276652"},{"taxonomy":"post_tag","embeddable":true,"href":"https:\/\/hier-luebeck.de\/index.php\/wp-json\/wp\/v2\/tags?post=276652"}],"curies":[{"name":"wp","href":"https:\/\/api.w.org\/{rel}","templated":true}]}}