{"id":276654,"date":"2019-02-10T10:04:00","date_gmt":"2019-02-10T10:04:00","guid":{"rendered":"http:\/\/www.hier-luebeck.de\/politik-wirtschaft\/staedte-und-regionen-skizzieren-naechstes-umweltaktionsprogramm\/"},"modified":"2019-02-10T10:04:00","modified_gmt":"2019-02-10T10:04:00","slug":"staedte-und-regionen-skizzieren-naechstes-umweltaktionsprogramm","status":"publish","type":"post","link":"https:\/\/hier-luebeck.de\/index.php\/staedte-und-regionen-skizzieren-naechstes-umweltaktionsprogramm\/","title":{"rendered":"St\u00e4dte und Regionen skizzieren n\u00e4chstes Umweltaktionsprogramm"},"content":{"rendered":"<p>Br\u00fcssel (ots) &#8211; Trotz umweltpolitischen Erfolgen in den letzten  Jahrzehnten stehen die europ\u00e4ischen St\u00e4dte und Regionen immer noch  vor erheblichen Herausforderungen. Die Natur wird durch  Landwirtschaft, Fischerei, Verkehr, Industrie, Tourismus und  Zersiedelung der St\u00e4dte beeintr\u00e4chtigt.<!--more--> Im Vorfeld des 8.  Umweltaktionsprogramms, das die n\u00e4chste Kommission vorlegen wird, hat der europ\u00e4ische Ausschuss der Regionen (AdR) eine Reihe von  Empfehlungen f\u00fcr das n\u00e4chste Jahrzehnt pr\u00e4sentiert, um die Umsetzung  der Umweltpolitik und -gesetzgebung in Europa zu verbessern.     Cor Lamers (NL\/EVP), B\u00fcrgermeister von Schiedam und Vorsitzender  der Fachkommission f\u00fcr Umwelt, Klimawandel und Energie (ENVE) des AdR sagt: &#8222;Das n\u00e4chste Umweltaktionsprogramm muss strategischer,  integrierter und flexibler sein, auf neue technologische  Herausforderungen reagieren und Innovationen anvisieren. Wir m\u00fcssen  das Konzept der Gesundheit mit einem gesunden Planeten, einer  gesunden Wirtschaft und einer Gesellschaft verbinden, in der  Ressourcen verantwortungsvoll und effizient eingesetzt werden.&#8220;     Anstatt neue Rechtsvorschriften auszuarbeiten, fordern die  Mitglieder des AdR, die wirksame Umsetzung bestehender Standards  st\u00e4rker voranzutreiben und Geldbu\u00dfen nicht an lokale und regionale  Gebietsk\u00f6rperschaften weiterzugeben.     Der AdR unterst\u00fctzt Anreize f\u00fcr Regierungen, die bei der Umsetzung der Umweltgesetzgebung h\u00f6here Leistungen als vorgeschrieben erbracht  haben, und fordert mehr Synergien zwischen Finanzierungsquellen sowie \u00f6ffentlichen und privaten Finanzierungsprogrammen.     Die Mitglieder haben als Titel eines 8. Umweltaktionsprogrammes  &#8222;Gesundes Leben f\u00fcr alle&#8220; vorgeschlagen und pl\u00e4dieren daf\u00fcr, das  Programm in f\u00fcnf Hauptkapitel zu untergliedern: \u00dcberg\u00e4nge,  Innovation, Umsetzung, globale Herausforderungen und Kommunikation.     Eine andere Empfehlung des AdR zielt auf die Verbesserung der 2012 gegr\u00fcndeten technischen Plattform im Umweltbereich. Es handelt sich  um eine permanente Dialogstruktur zwischen der Europ\u00e4ischen  Kommission und dem AdR, um die Realisierung der Umweltvorschriften,  aber auch die Zusammenarbeit zwischen lokalen und regionalen  Verwaltungen sowie der EU zu f\u00f6rdern. Dabei k\u00f6nnte ein Netzwerk von  Botschaftern innerhalb der Plattform helfen, damit die  Umweltvorschriften auf allen Regierungsebenen sowie in den regionalen Zentren optimal umgesetzt werden.     Die Mitglieder begr\u00fc\u00dfen den Vorschlag der Europ\u00e4ischen  Gemeinschaft, den n\u00e4chsten mehrj\u00e4hrigen Finanzrahmen auf die  nachhaltige Entwicklung und die Einbeziehung der Umweltpolitik in  alle Haushaltslinien zu konzentrieren. Der AdR fordert jedoch, dass  \u00fcber 30 Prozent des Budgets f\u00fcr das Mainstreaming der Klimapolitik  vorgesehen sind.     Die nachhaltige Entwicklung und die n\u00e4chste Generation von  EU-Programmen werden auf dem 8. Europ\u00e4ischen Gipfel der Regionen und  St\u00e4dte thematisiert. Dieser findet vom 14. bis 15. M\u00e4rz in Bukarest  statt &#8211; zwei Wochen vor dem erwarteten EU-Austritt Gro\u00dfbritanniens am 29. M\u00e4rz und zwei Monate vor den Europawahlen.     \u00dcber 500 europ\u00e4ische, nationale, regionale und lokale  F\u00fchrungspers\u00f6nlichkeiten aus allen EU-Mitgliedstaaten werden in der  rum\u00e4nischen Hauptstadt begr\u00fc\u00dft, um sich auf den Beitrag der lokalen  und regionalen Gebietsk\u00f6rperschaften zur &#8222;Zukunft Europas&#8220; zu  konzentrieren.     Wenn Sie an der Veranstaltung teilnehmen m\u00f6chten, bitten wir Sie,  sich bis zum 1. M\u00e4rz \u00fcber die Medienakkreditierungsseite des  rum\u00e4nischen EU-Vorsitzes anzumelden. Bitte beachten Sie, dass nur  registrierte Journalisten die Medienakkreditierung erhalten k\u00f6nnen.    Pressekontakt: David Crous david.crous@cor.europa.eu +32 (0) 470 88 10 37  Original-Content von: Europ\u00e4ischer Ausschuss der Regionen, \u00fcbermittelt durch news aktuell<\/p>\n<p>Quelle: <a href=\"https:\/\/www.presseportal.de\/pm\/133076\/4188923\" target=\"_blank\">presseportal.de<\/a><\/p>\n","protected":false},"excerpt":{"rendered":"<p>Br\u00fcssel (ots) &#8211; Trotz umweltpolitischen Erfolgen in den letzten Jahrzehnten stehen die europ\u00e4ischen St\u00e4dte und Regionen immer noch vor erheblichen<\/p>\n","protected":false},"author":3,"featured_media":0,"comment_status":"open","ping_status":"open","sticky":false,"template":"","format":"standard","meta":{"colormag_page_container_layout":"default_layout","colormag_page_sidebar_layout":"default_layout","footnotes":""},"categories":[5],"tags":[],"class_list":["post-276654","post","type-post","status-publish","format-standard","hentry","category-politik-wirtschaft"],"_links":{"self":[{"href":"https:\/\/hier-luebeck.de\/index.php\/wp-json\/wp\/v2\/posts\/276654","targetHints":{"allow":["GET"]}}],"collection":[{"href":"https:\/\/hier-luebeck.de\/index.php\/wp-json\/wp\/v2\/posts"}],"about":[{"href":"https:\/\/hier-luebeck.de\/index.php\/wp-json\/wp\/v2\/types\/post"}],"author":[{"embeddable":true,"href":"https:\/\/hier-luebeck.de\/index.php\/wp-json\/wp\/v2\/users\/3"}],"replies":[{"embeddable":true,"href":"https:\/\/hier-luebeck.de\/index.php\/wp-json\/wp\/v2\/comments?post=276654"}],"version-history":[{"count":0,"href":"https:\/\/hier-luebeck.de\/index.php\/wp-json\/wp\/v2\/posts\/276654\/revisions"}],"wp:attachment":[{"href":"https:\/\/hier-luebeck.de\/index.php\/wp-json\/wp\/v2\/media?parent=276654"}],"wp:term":[{"taxonomy":"category","embeddable":true,"href":"https:\/\/hier-luebeck.de\/index.php\/wp-json\/wp\/v2\/categories?post=276654"},{"taxonomy":"post_tag","embeddable":true,"href":"https:\/\/hier-luebeck.de\/index.php\/wp-json\/wp\/v2\/tags?post=276654"}],"curies":[{"name":"wp","href":"https:\/\/api.w.org\/{rel}","templated":true}]}}