{"id":276710,"date":"2019-02-11T14:47:49","date_gmt":"2019-02-11T14:47:49","guid":{"rendered":"http:\/\/www.hier-luebeck.de\/besondere-neuigkeiten\/pol-hl-oh-landesstrasse-184-eutin-tod-auf-der-landstrasse\/"},"modified":"2019-02-11T14:47:49","modified_gmt":"2019-02-11T14:47:49","slug":"pol-hl-oh-landesstrasse-184-eutin-tod-auf-der-landstrasse","status":"publish","type":"post","link":"https:\/\/hier-luebeck.de\/index.php\/pol-hl-oh-landesstrasse-184-eutin-tod-auf-der-landstrasse\/","title":{"rendered":"POL-HL: OH-Landesstra\u00dfe 184-Eutin\/\nTod auf der Landstra\u00dfe"},"content":{"rendered":"<p>L\u00fcbeck (ots) &#8211; Gemeinsame Medien-Information der L\u00fcbecker  Staatsanwaltschaft und der Polizeidirektion L\u00fcbeck     Am gestrigen Sonntag (10.02.2019) kam es auf der Landstra\u00dfe 184  zwischen Eutin und Braak zu einem Verkehrsunfall, nach dem der Fahrer des Unfallfahrzeugs nur noch tot geborgen werden konnte.<!--more-->     Ein 72-j\u00e4hriger Mann aus Ahrensb\u00f6k befuhr gegen 15 Uhr mit seinem  PKW Skoda die L 184 in Richtung Braak. Den bisherigen Ermittlungen  der Polizeistation Malente zufolge geriet der PKW auf gerader Strecke in den Gegenverkehr. Nach ca. 200 m kam der PKW links von der  Fahrbahn ab und prallte gegen einen Baum.     Nach erster Einsch\u00e4tzung des Notarztes k\u00f6nnte ein internistischer  Notfall Ausl\u00f6ser des Unfalls gewesen sein.     Nachfragen zu diesem Sachverhalt sind zu richten an die  Pressestelle der Polizeidirektion L\u00fcbeck.     Dr. Ulla Hingst, Pressesprecherin der Staatsanwaltschaft L\u00fcbeck  Clemens Conrad, Pressesprecher der Polizeidirektion L\u00fcbeck     <\/p>\n<p>Quelle: <a href=\"https:\/\/www.presseportal.de\/blaulicht\/pm\/43738\/4190150\" target=\"_blank\">presseportal.de<\/a><\/p>\n","protected":false},"excerpt":{"rendered":"<p>L\u00fcbeck (ots) &#8211; Gemeinsame Medien-Information der L\u00fcbecker Staatsanwaltschaft und der Polizeidirektion L\u00fcbeck Am gestrigen Sonntag (10.02.2019) kam es auf der<\/p>\n","protected":false},"author":3,"featured_media":0,"comment_status":"open","ping_status":"open","sticky":false,"template":"","format":"standard","meta":{"colormag_page_container_layout":"default_layout","colormag_page_sidebar_layout":"default_layout","footnotes":""},"categories":[20],"tags":[],"class_list":["post-276710","post","type-post","status-publish","format-standard","hentry","category-besondere-neuigkeiten"],"_links":{"self":[{"href":"https:\/\/hier-luebeck.de\/index.php\/wp-json\/wp\/v2\/posts\/276710","targetHints":{"allow":["GET"]}}],"collection":[{"href":"https:\/\/hier-luebeck.de\/index.php\/wp-json\/wp\/v2\/posts"}],"about":[{"href":"https:\/\/hier-luebeck.de\/index.php\/wp-json\/wp\/v2\/types\/post"}],"author":[{"embeddable":true,"href":"https:\/\/hier-luebeck.de\/index.php\/wp-json\/wp\/v2\/users\/3"}],"replies":[{"embeddable":true,"href":"https:\/\/hier-luebeck.de\/index.php\/wp-json\/wp\/v2\/comments?post=276710"}],"version-history":[{"count":0,"href":"https:\/\/hier-luebeck.de\/index.php\/wp-json\/wp\/v2\/posts\/276710\/revisions"}],"wp:attachment":[{"href":"https:\/\/hier-luebeck.de\/index.php\/wp-json\/wp\/v2\/media?parent=276710"}],"wp:term":[{"taxonomy":"category","embeddable":true,"href":"https:\/\/hier-luebeck.de\/index.php\/wp-json\/wp\/v2\/categories?post=276710"},{"taxonomy":"post_tag","embeddable":true,"href":"https:\/\/hier-luebeck.de\/index.php\/wp-json\/wp\/v2\/tags?post=276710"}],"curies":[{"name":"wp","href":"https:\/\/api.w.org\/{rel}","templated":true}]}}