{"id":276711,"date":"2019-02-11T14:18:49","date_gmt":"2019-02-11T14:18:49","guid":{"rendered":"http:\/\/www.hier-luebeck.de\/besondere-neuigkeiten\/pol-hl-hl-st-lorenz-sued-moislinger-allee-bombendrohung-polizei-im-einsatz-abschlussmeldung\/"},"modified":"2019-02-11T14:18:49","modified_gmt":"2019-02-11T14:18:49","slug":"pol-hl-hl-st-lorenz-sued-moislinger-allee-bombendrohung-polizei-im-einsatz-abschlussmeldung","status":"publish","type":"post","link":"https:\/\/hier-luebeck.de\/index.php\/pol-hl-hl-st-lorenz-sued-moislinger-allee-bombendrohung-polizei-im-einsatz-abschlussmeldung\/","title":{"rendered":"POL-HL: HL-St. Lorenz S\u00fcd-Moislinger Allee\/\nBombendrohung &#8211; Polizei im Einsatz &#8211; Abschlussmeldung"},"content":{"rendered":"<p>L\u00fcbeck (ots) &#8211; Am heutigen Montagmorgen (11.02.2019) kam es gegen  10:00 Uhr in einer Ergotherapiepraxis in der Moislinger Allee zu  einer Bombendrohung. Diese f\u00fchrte zu einem polizeilichen Einsatz. Das betroffene Geb\u00e4ude sowie zwei umliegende Geb\u00e4ude wurden evakuiert.  Von dieser R\u00e4umung waren ca. 150 Personen betroffen.<!--more--> Ihnen wurde ein  Bus des Stadtverkehrs als Aufenthaltsm\u00f6glichkeit zur Verf\u00fcgung  gestellt.     Die Absuchma\u00dfnahmen wurden durch sieben Sprengstoffsp\u00fcrhunde aus  den Polizeidirektionen Neum\u00fcnster, Segeberg, Ratzeburg, Itzehoe und  L\u00fcbeck durchgef\u00fchrt. Die Bundespolizeiabteilung Ratzeburg  unterst\u00fctzte den Einsatz mit Beamten der technischen Gruppe sowie  einem H\u00f6heninterventionsteam. Vorsorglich war der  Kampfmittelr\u00e4umdienst aus Gro\u00df Nordsee anwesend.     Die Absuche endete kurz vor 14:00 Uhr; es wurden keine  gef\u00e4hrlichen Gegenst\u00e4nde gefunden. Die betroffenen Geb\u00e4ude konnten ab diesem Zeitpunkt wieder genutzt werden. Das 2. Polizeirevier L\u00fcbeck  hat die Ermittlungen hinsichtlich der St\u00f6rung des \u00f6ffentlichen  Friedens durch Androhung von Straftaten aufgenommen (\u00a7 126 StGB).     <\/p>\n<p>Quelle: <a href=\"https:\/\/www.presseportal.de\/blaulicht\/pm\/43738\/4190084\" target=\"_blank\">presseportal.de<\/a><\/p>\n","protected":false},"excerpt":{"rendered":"<p>L\u00fcbeck (ots) &#8211; Am heutigen Montagmorgen (11.02.2019) kam es gegen 10:00 Uhr in einer Ergotherapiepraxis in der Moislinger Allee zu<\/p>\n","protected":false},"author":3,"featured_media":0,"comment_status":"open","ping_status":"open","sticky":false,"template":"","format":"standard","meta":{"colormag_page_container_layout":"default_layout","colormag_page_sidebar_layout":"default_layout","footnotes":""},"categories":[20],"tags":[],"class_list":["post-276711","post","type-post","status-publish","format-standard","hentry","category-besondere-neuigkeiten"],"_links":{"self":[{"href":"https:\/\/hier-luebeck.de\/index.php\/wp-json\/wp\/v2\/posts\/276711","targetHints":{"allow":["GET"]}}],"collection":[{"href":"https:\/\/hier-luebeck.de\/index.php\/wp-json\/wp\/v2\/posts"}],"about":[{"href":"https:\/\/hier-luebeck.de\/index.php\/wp-json\/wp\/v2\/types\/post"}],"author":[{"embeddable":true,"href":"https:\/\/hier-luebeck.de\/index.php\/wp-json\/wp\/v2\/users\/3"}],"replies":[{"embeddable":true,"href":"https:\/\/hier-luebeck.de\/index.php\/wp-json\/wp\/v2\/comments?post=276711"}],"version-history":[{"count":0,"href":"https:\/\/hier-luebeck.de\/index.php\/wp-json\/wp\/v2\/posts\/276711\/revisions"}],"wp:attachment":[{"href":"https:\/\/hier-luebeck.de\/index.php\/wp-json\/wp\/v2\/media?parent=276711"}],"wp:term":[{"taxonomy":"category","embeddable":true,"href":"https:\/\/hier-luebeck.de\/index.php\/wp-json\/wp\/v2\/categories?post=276711"},{"taxonomy":"post_tag","embeddable":true,"href":"https:\/\/hier-luebeck.de\/index.php\/wp-json\/wp\/v2\/tags?post=276711"}],"curies":[{"name":"wp","href":"https:\/\/api.w.org\/{rel}","templated":true}]}}