{"id":276712,"date":"2019-02-11T13:53:39","date_gmt":"2019-02-11T13:53:39","guid":{"rendered":"http:\/\/www.hier-luebeck.de\/besondere-neuigkeiten\/pol-hl-hl-st-gertrud-auseinandersetzung-unter-jugendlichen-14-jaehriger-durch-schreckschusswaffe-verletzt\/"},"modified":"2019-02-11T13:53:39","modified_gmt":"2019-02-11T13:53:39","slug":"pol-hl-hl-st-gertrud-auseinandersetzung-unter-jugendlichen-14-jaehriger-durch-schreckschusswaffe-verletzt","status":"publish","type":"post","link":"https:\/\/hier-luebeck.de\/index.php\/pol-hl-hl-st-gertrud-auseinandersetzung-unter-jugendlichen-14-jaehriger-durch-schreckschusswaffe-verletzt\/","title":{"rendered":"POL-HL: HL-St. Gertrud   :\n\nAuseinandersetzung unter Jugendlichen &#8211;  14-J\u00e4hriger durch Schreckschusswaffe verletzt"},"content":{"rendered":"<p>L\u00fcbeck (ots) &#8211; Sonntagnachmittag (10. Februar 2019) kam es auf  einem Spielplatz in L\u00fcbeck St. Gertrud zu einer Auseinandersetzung  unter Jugendlichen. Dabei wurde ein 14-J\u00e4hriger durch den Einsatz  einer Schreckschusswaffe verletzt. Die Ermittlungen zu den  Hintergr\u00fcnden der Auseinandersetzung dauern an. Die Polizei sucht  Zeugen.<!--more-->     Nach derzeitigem Sachstand hatten sich die Jugendlichen am  Sonntagnachmittag gegen 15:55 Uhr \u00fcber eine Internetplattform zu  einem kl\u00e4renden Gespr\u00e4ch auf einem Spielplatz am Bohlkamp verabredet. Hintergrund waren Streitigkeiten um eine junge Frau. Auf dem dortigen Gel\u00e4nde trafen die Jugendlichen aufeinander, es soll sich um eine  Gruppe von circa 20 Personen gehandelt haben. Im Zuge der verbalen  Auseinandersetzung wurde einem 14-j\u00e4hrigen Ostholsteiner von einem  Kontrahenten pl\u00f6tzlich eine Schreckschusswaffe an den Kopf gehalten.  Der ebenfalls junge Mann dr\u00fcckte ab und schoss dem 14-J\u00e4hrigen aus  n\u00e4chster N\u00e4he ins Gesicht. Danach fl\u00fcchteten die Beteiligten in  verschiedene Richtungen. Der 14-j\u00e4hrige Gesch\u00e4digte wurde zur  weiteren Behandlung in ein Krankenhaus gebracht.     Im Verlauf der Fahndungsma\u00dfnahmen kontrollierten die alarmierten  Polizeibeamten mehrere jugendliche Personen im Umfeld des  Spielplatzes. Es wird wegen des Verdachts der gef\u00e4hrlichen  K\u00f6rperverletzung und Versto\u00dfes gegen das Waffengesetz ermittelt. Die  genauen Hintergr\u00fcnde und das Motiv der Auseinandersetzung stehen noch nicht eindeutig fest. In diesem Zusammenhang suchen die Beamten den  Jugendlichen, der den Gesch\u00e4digten durch die Schussabgabe verletzte.  Der Beschreibung nach soll es sich um einen circa 15-17 Jahre alten  Jugendlichen gehandelt haben. Zur Tatzeit ist er mit einem hellen  (grau oder wei\u00df) Kapuzenpullover oder einer Strickjacke ohne  Aufschrift sowie einer schwarzen Hose bekleidet gewesen.  Sachdienliche Angaben zum Tatverlauf und insbesondere zu der  gesuchten Person nimmt die Polizei unter der 0451 &#8211; 1310 entgegen.     <\/p>\n<p>Quelle: <a href=\"https:\/\/www.presseportal.de\/blaulicht\/pm\/43738\/4190021\" target=\"_blank\">presseportal.de<\/a><\/p>\n","protected":false},"excerpt":{"rendered":"<p>L\u00fcbeck (ots) &#8211; Sonntagnachmittag (10. Februar 2019) kam es auf einem Spielplatz in L\u00fcbeck St. Gertrud zu einer Auseinandersetzung unter<\/p>\n","protected":false},"author":3,"featured_media":0,"comment_status":"open","ping_status":"open","sticky":false,"template":"","format":"standard","meta":{"colormag_page_container_layout":"default_layout","colormag_page_sidebar_layout":"default_layout","footnotes":""},"categories":[20],"tags":[],"class_list":["post-276712","post","type-post","status-publish","format-standard","hentry","category-besondere-neuigkeiten"],"_links":{"self":[{"href":"https:\/\/hier-luebeck.de\/index.php\/wp-json\/wp\/v2\/posts\/276712","targetHints":{"allow":["GET"]}}],"collection":[{"href":"https:\/\/hier-luebeck.de\/index.php\/wp-json\/wp\/v2\/posts"}],"about":[{"href":"https:\/\/hier-luebeck.de\/index.php\/wp-json\/wp\/v2\/types\/post"}],"author":[{"embeddable":true,"href":"https:\/\/hier-luebeck.de\/index.php\/wp-json\/wp\/v2\/users\/3"}],"replies":[{"embeddable":true,"href":"https:\/\/hier-luebeck.de\/index.php\/wp-json\/wp\/v2\/comments?post=276712"}],"version-history":[{"count":0,"href":"https:\/\/hier-luebeck.de\/index.php\/wp-json\/wp\/v2\/posts\/276712\/revisions"}],"wp:attachment":[{"href":"https:\/\/hier-luebeck.de\/index.php\/wp-json\/wp\/v2\/media?parent=276712"}],"wp:term":[{"taxonomy":"category","embeddable":true,"href":"https:\/\/hier-luebeck.de\/index.php\/wp-json\/wp\/v2\/categories?post=276712"},{"taxonomy":"post_tag","embeddable":true,"href":"https:\/\/hier-luebeck.de\/index.php\/wp-json\/wp\/v2\/tags?post=276712"}],"curies":[{"name":"wp","href":"https:\/\/api.w.org\/{rel}","templated":true}]}}