{"id":276715,"date":"2019-02-11T15:31:54","date_gmt":"2019-02-11T15:31:54","guid":{"rendered":"http:\/\/www.hier-luebeck.de\/besondere-neuigkeiten\/pol-se-wedel-verkehrsunfall-unter-alkohol-zeugen-gesucht\/"},"modified":"2019-02-11T15:31:54","modified_gmt":"2019-02-11T15:31:54","slug":"pol-se-wedel-verkehrsunfall-unter-alkohol-zeugen-gesucht","status":"publish","type":"post","link":"https:\/\/hier-luebeck.de\/index.php\/pol-se-wedel-verkehrsunfall-unter-alkohol-zeugen-gesucht\/","title":{"rendered":"POL-SE: Wedel &#8211; Verkehrsunfall unter Alkohol, Zeugen gesucht"},"content":{"rendered":"<p>Bad Segeberg (ots) &#8211; Am Freitag, 08.02.2019, ist es in Wedel zu  einem Verkehrsunfall im Bereich des M\u00fchlenwegs gekommen.     Gegen 17:50 Uhr besch\u00e4digte ein 55-J\u00e4hriger aus Wedel mit seinem  BMW beim Parken auf dem Parkplatz des Pfarrerhauses mehrfach einen  dort abgestellten Opel. Den Vorfall beobachtete ein Zeuge, der  daraufhin die Polizei rief.<!--more-->     Bei der Unfallaufnahme stellten die Beamten deutlichen Atemalkohol bei dem Mann fest. Auch deutete ein schwankender Gang und eine  lallende Aussprache auf den Genuss von Alkohol hin. Nachdem der  55-J\u00e4hrige einen Atemalkoholtest ablehnte, lie\u00dfen die Beamten ihn  eine Blutprobe entnehmen. Weiterhin beschlagnahmten die Polizisten  den F\u00fchrerschein und stellten die Fahrzeugschl\u00fcssel sicher.     In diesem Zusammenhang sucht die Polizei nach weiteren  Unfallzeugen. Dies bezieht sich zum einen auf den Unfall auf dem  Parkplatz selbst, aber auch auf die m\u00f6gliche vorherige Fahrstrecke  des BMW-Fahrers im M\u00fchlenweg oder den angrenzenden Stra\u00dfen.     Hinweise nimmt die Polizei in Wedel unter Tel. 04103 \/ 5018-0  entgegen.     Polizeidirektion Bad Segeberg &#8211; Pressestelle &#8211; Dorfstr. 16-18 23795 Bad Segeberg  Arnd Habermann Telefon: 04551-884-2022 Handy: 0151-11717416 E-Mail: pressestelle.badsegeberg@polizei.landsh.de  Original-Content von: Polizeidirektion Bad Segeberg, \u00fcbermittelt durch news aktuell<\/p>\n<p>Quelle: <a href=\"https:\/\/www.presseportal.de\/blaulicht\/pm\/19027\/4190222\" target=\"_blank\">presseportal.de<\/a><\/p>\n","protected":false},"excerpt":{"rendered":"<p>Bad Segeberg (ots) &#8211; Am Freitag, 08.02.2019, ist es in Wedel zu einem Verkehrsunfall im Bereich des M\u00fchlenwegs gekommen. Gegen<\/p>\n","protected":false},"author":3,"featured_media":0,"comment_status":"open","ping_status":"open","sticky":false,"template":"","format":"standard","meta":{"colormag_page_container_layout":"default_layout","colormag_page_sidebar_layout":"default_layout","footnotes":""},"categories":[20],"tags":[],"class_list":["post-276715","post","type-post","status-publish","format-standard","hentry","category-besondere-neuigkeiten"],"_links":{"self":[{"href":"https:\/\/hier-luebeck.de\/index.php\/wp-json\/wp\/v2\/posts\/276715","targetHints":{"allow":["GET"]}}],"collection":[{"href":"https:\/\/hier-luebeck.de\/index.php\/wp-json\/wp\/v2\/posts"}],"about":[{"href":"https:\/\/hier-luebeck.de\/index.php\/wp-json\/wp\/v2\/types\/post"}],"author":[{"embeddable":true,"href":"https:\/\/hier-luebeck.de\/index.php\/wp-json\/wp\/v2\/users\/3"}],"replies":[{"embeddable":true,"href":"https:\/\/hier-luebeck.de\/index.php\/wp-json\/wp\/v2\/comments?post=276715"}],"version-history":[{"count":0,"href":"https:\/\/hier-luebeck.de\/index.php\/wp-json\/wp\/v2\/posts\/276715\/revisions"}],"wp:attachment":[{"href":"https:\/\/hier-luebeck.de\/index.php\/wp-json\/wp\/v2\/media?parent=276715"}],"wp:term":[{"taxonomy":"category","embeddable":true,"href":"https:\/\/hier-luebeck.de\/index.php\/wp-json\/wp\/v2\/categories?post=276715"},{"taxonomy":"post_tag","embeddable":true,"href":"https:\/\/hier-luebeck.de\/index.php\/wp-json\/wp\/v2\/tags?post=276715"}],"curies":[{"name":"wp","href":"https:\/\/api.w.org\/{rel}","templated":true}]}}