{"id":276717,"date":"2019-02-11T14:14:44","date_gmt":"2019-02-11T14:14:44","guid":{"rendered":"http:\/\/www.hier-luebeck.de\/besondere-neuigkeiten\/pol-se-wedel-unfallflucht-mit-237-promille-zeugen-gesucht\/"},"modified":"2019-02-11T14:14:44","modified_gmt":"2019-02-11T14:14:44","slug":"pol-se-wedel-unfallflucht-mit-237-promille-zeugen-gesucht","status":"publish","type":"post","link":"https:\/\/hier-luebeck.de\/index.php\/pol-se-wedel-unfallflucht-mit-237-promille-zeugen-gesucht\/","title":{"rendered":"POL-SE: Wedel &#8211; Unfallflucht mit 2,37 Promille, Zeugen gesucht"},"content":{"rendered":"<p>Bad Segeberg (ots) &#8211; Am Sonntagnachmittag ist es in Wedel zu einem Verkehrsunfall mit anschlie\u00dfender Flucht gekommen.     Nach bisherigen Ermittlungsstand befuhr um ca. 15:15 Uhr ein  69-J\u00e4hriger aus Wedel mit seinem schwarzen VW Golf die Stra\u00dfe  Galgenberg in Richtung der Kreuzung Vo\u00dfhagen \/ Feldstra\u00dfe. An der  Kreuzung wollte der Mann vermutlich nach links in die Feldstra\u00dfe  abbiegen.<!--more--> Dabei kam er nach rechts von der Fahrbahn ab, fuhr \u00fcber den Kantstein und stie\u00df gegen ein auf dem Gehweg befindliches Gel\u00e4nder.  Das Gel\u00e4nder war nicht unerheblich besch\u00e4digt. An der Unfallstelle  stellten die Beamten diverse Fahrzeugteile des unfallverursachenden  Fahrzeugs sicher.     Nach einem Zeugenhinweis auf ein auff\u00e4llig fahrendes Auto in der  N\u00e4he des Unfallortes, trafen die alarmierten Polizeibeamten den  vermeintlichen Unfallfahrer mit seinem besch\u00e4digten VW Golf in der  Rudolf-Breitscheid-Stra\u00dfe an.     Der 69-J\u00e4hrige war mit 2,37 Promille erheblich alkoholisiert.     In dem Zusammenhang sucht die Polizei nach Zeugen, die den Unfall  selbst gesehen haben. Sachdienliche Hinweise nimmt die Polizei in  Wedel unter Tel. 04103 \/ 5018-0 entgegen.     Polizeidirektion Bad Segeberg &#8211; Pressestelle &#8211; Dorfstr. 16-18 23795 Bad Segeberg  Arnd Habermann Telefon: 04551-884-2022 Handy: 0151-11717416 E-Mail: pressestelle.badsegeberg@polizei.landsh.de  Original-Content von: Polizeidirektion Bad Segeberg, \u00fcbermittelt durch news aktuell<\/p>\n<p>Quelle: <a href=\"https:\/\/www.presseportal.de\/blaulicht\/pm\/19027\/4190076\" target=\"_blank\">presseportal.de<\/a><\/p>\n","protected":false},"excerpt":{"rendered":"<p>Bad Segeberg (ots) &#8211; Am Sonntagnachmittag ist es in Wedel zu einem Verkehrsunfall mit anschlie\u00dfender Flucht gekommen. Nach bisherigen Ermittlungsstand<\/p>\n","protected":false},"author":3,"featured_media":0,"comment_status":"open","ping_status":"open","sticky":false,"template":"","format":"standard","meta":{"colormag_page_container_layout":"default_layout","colormag_page_sidebar_layout":"default_layout","footnotes":""},"categories":[20],"tags":[],"class_list":["post-276717","post","type-post","status-publish","format-standard","hentry","category-besondere-neuigkeiten"],"_links":{"self":[{"href":"https:\/\/hier-luebeck.de\/index.php\/wp-json\/wp\/v2\/posts\/276717","targetHints":{"allow":["GET"]}}],"collection":[{"href":"https:\/\/hier-luebeck.de\/index.php\/wp-json\/wp\/v2\/posts"}],"about":[{"href":"https:\/\/hier-luebeck.de\/index.php\/wp-json\/wp\/v2\/types\/post"}],"author":[{"embeddable":true,"href":"https:\/\/hier-luebeck.de\/index.php\/wp-json\/wp\/v2\/users\/3"}],"replies":[{"embeddable":true,"href":"https:\/\/hier-luebeck.de\/index.php\/wp-json\/wp\/v2\/comments?post=276717"}],"version-history":[{"count":0,"href":"https:\/\/hier-luebeck.de\/index.php\/wp-json\/wp\/v2\/posts\/276717\/revisions"}],"wp:attachment":[{"href":"https:\/\/hier-luebeck.de\/index.php\/wp-json\/wp\/v2\/media?parent=276717"}],"wp:term":[{"taxonomy":"category","embeddable":true,"href":"https:\/\/hier-luebeck.de\/index.php\/wp-json\/wp\/v2\/categories?post=276717"},{"taxonomy":"post_tag","embeddable":true,"href":"https:\/\/hier-luebeck.de\/index.php\/wp-json\/wp\/v2\/tags?post=276717"}],"curies":[{"name":"wp","href":"https:\/\/api.w.org\/{rel}","templated":true}]}}