{"id":276721,"date":"2019-02-12T08:28:31","date_gmt":"2019-02-12T08:28:31","guid":{"rendered":"http:\/\/www.hier-luebeck.de\/politik-wirtschaft\/birgit-bessin-der-erkaufte-kuschelkurs-gegenueber-gefaehrlichen-gewalttaetern-muss-sofort-beendet-werden\/"},"modified":"2019-02-12T08:28:31","modified_gmt":"2019-02-12T08:28:31","slug":"birgit-bessin-der-erkaufte-kuschelkurs-gegenueber-gefaehrlichen-gewalttaetern-muss-sofort-beendet-werden","status":"publish","type":"post","link":"https:\/\/hier-luebeck.de\/index.php\/birgit-bessin-der-erkaufte-kuschelkurs-gegenueber-gefaehrlichen-gewalttaetern-muss-sofort-beendet-werden\/","title":{"rendered":"Birgit Bessin: &#8222;Der erkaufte Kuschelkurs gegen\u00fcber gef\u00e4hrlichen Gewaltt\u00e4tern muss sofort beendet werden.&#8220;"},"content":{"rendered":"<p>Potsdam (ots) &#8211; Das Potsdamer Bildungsministerium hat ein  Pr\u00e4ventionsprogramm gegen Islamismus an Brandenburger Schulen ins  Leben gerufen. Damit soll der pseudoreligi\u00f6sen Radikalisierung  vorwiegend junger Muslime begegnet werden. Politiker der bunten  Einheitspartei aus SPD, Linken, Gr\u00fcnen und CDU freuen sich.<!--more-->  Auch der Schulleiter der ersten Projektschule &#8211; ausgerechnet in Cottbus &#8211; ist  voll des Lobes.     Die Schulpolitische Sprecherin der AfD-Fraktion im Landtag  Brandenburg, Birgit Bessin, erkl\u00e4rt hingegen:     &#8222;Ist denn die ganze Welt verr\u00fcckt geworden? Man versucht uns nun  einzureden, dass wir an unseren Schulen Programme gegen den  Islamismus brauchen. Gegen die Wurzeln des islamistischen Terrors,  der es sich zum Ziel gesetzt hat, Nicht-Moslems m\u00f6glichst brutal und  schmerzhaft zu t\u00f6ten? Und daf\u00fcr werden dann Hundertausende Euro  Steuergeld eingesetzt. Allein die ersten Kurse in Cottbus kosten \u00fcber 140.000, &#8212; Euro. Ich bin fassungslos \u00fcber soviel Unverfrorenheit der Altparteien, \u00fcber das Ausma\u00df der Verachtung gegen\u00fcber uns Deutschen  und unserer Interessen. Ich lehne dieses Programm selbstverst\u00e4ndlich  ab. Wir m\u00fcssen uns nicht mit viel Steuergeld erkaufen, dass junge  Islamisten, die unkontrolliert und meist rechtswidrig als  vermeintliche &#8218;Fl\u00fcchtlinge&#8216; in unser Land kommen, die einheimische  deutsche Bev\u00f6lkerung vielleicht nicht als Folge des &#8218;Heiligen Kriegs&#8216; der Muslime brutal abschlachten und Anschl\u00e4ge ver\u00fcben. Vielmehr  m\u00fcssen wir endlich unsere Grenzen wirksam sch\u00fctzen, wir m\u00fcssen jeden  vermeintlichen &#8218;Asylsuchenden&#8216; sofort abweisen und in das Land  zur\u00fcckschicken, \u00fcber das er die EU betreten hat und wir m\u00fcssen jeden, der sich nicht integrieren will und der erwiesenerma\u00dfen eine  islamistische Gefahr darstellt, sofort des Landes verweisen. Das ist  der richtige Weg. Der erkaufte Kuschelkurs gegen\u00fcber gef\u00e4hrlichen  Gewaltt\u00e4tern muss sofort beendet werden.&#8220;    Pressekontakt: Detlev Frye Telefon (0331) 966-1880 E-Mail: presse@afd-fraktion.brandenburg.de  Zur Nachrichtenzentrale der AfD-Fraktion Brandenburg: https:\/\/www.presseportal.de\/nr\/130777  Soziale Medien:  Bei Facebook: http:\/\/facebook.com\/afdfraktion Im Netz: http:\/\/www.afd-fraktion-brandenburg.de Bei Twitter: https:\/\/twitter.com\/AfD_FraktionBB Bei Instagram: https:\/\/www.instagram.com\/afdfraktionbb\/  Original-Content von: AfD-Fraktion im Brandenburgischen Landtag, \u00fcbermittelt durch news aktuell<\/p>\n<p>Quelle: <a href=\"https:\/\/www.presseportal.de\/pm\/130777\/4190544\" target=\"_blank\">presseportal.de<\/a><\/p>\n","protected":false},"excerpt":{"rendered":"<p>Potsdam (ots) &#8211; Das Potsdamer Bildungsministerium hat ein Pr\u00e4ventionsprogramm gegen Islamismus an Brandenburger Schulen ins Leben gerufen. Damit soll der<\/p>\n","protected":false},"author":3,"featured_media":0,"comment_status":"open","ping_status":"open","sticky":false,"template":"","format":"standard","meta":{"colormag_page_container_layout":"default_layout","colormag_page_sidebar_layout":"default_layout","footnotes":""},"categories":[5],"tags":[],"class_list":["post-276721","post","type-post","status-publish","format-standard","hentry","category-politik-wirtschaft"],"_links":{"self":[{"href":"https:\/\/hier-luebeck.de\/index.php\/wp-json\/wp\/v2\/posts\/276721","targetHints":{"allow":["GET"]}}],"collection":[{"href":"https:\/\/hier-luebeck.de\/index.php\/wp-json\/wp\/v2\/posts"}],"about":[{"href":"https:\/\/hier-luebeck.de\/index.php\/wp-json\/wp\/v2\/types\/post"}],"author":[{"embeddable":true,"href":"https:\/\/hier-luebeck.de\/index.php\/wp-json\/wp\/v2\/users\/3"}],"replies":[{"embeddable":true,"href":"https:\/\/hier-luebeck.de\/index.php\/wp-json\/wp\/v2\/comments?post=276721"}],"version-history":[{"count":0,"href":"https:\/\/hier-luebeck.de\/index.php\/wp-json\/wp\/v2\/posts\/276721\/revisions"}],"wp:attachment":[{"href":"https:\/\/hier-luebeck.de\/index.php\/wp-json\/wp\/v2\/media?parent=276721"}],"wp:term":[{"taxonomy":"category","embeddable":true,"href":"https:\/\/hier-luebeck.de\/index.php\/wp-json\/wp\/v2\/categories?post=276721"},{"taxonomy":"post_tag","embeddable":true,"href":"https:\/\/hier-luebeck.de\/index.php\/wp-json\/wp\/v2\/tags?post=276721"}],"curies":[{"name":"wp","href":"https:\/\/api.w.org\/{rel}","templated":true}]}}