{"id":276723,"date":"2019-02-12T07:16:53","date_gmt":"2019-02-12T07:16:53","guid":{"rendered":"http:\/\/www.hier-luebeck.de\/politik-wirtschaft\/kindern-zeit-geben-einschulung-verschieben\/"},"modified":"2019-02-12T07:16:53","modified_gmt":"2019-02-12T07:16:53","slug":"kindern-zeit-geben-einschulung-verschieben","status":"publish","type":"post","link":"https:\/\/hier-luebeck.de\/index.php\/kindern-zeit-geben-einschulung-verschieben\/","title":{"rendered":"Kindern Zeit geben: Einschulung verschieben"},"content":{"rendered":"<p>Stuttgart (ots) &#8211; In Baden-W\u00fcrttemberg werden immer wieder Kinder  im zarten Alter von f\u00fcnf Jahren eingeschult. Der Stichtag f\u00fcr die  Einschulung liegt auf dem 30. September, so kommt es immer wieder  vor, dass Sch\u00fcler bei der Einschulung erst f\u00fcnf oder gerade sechs  Jahre alt sind. Diese fr\u00fche Einschulung kann zu \u00dcberforderung bei den betroffenen Sch\u00fclern f\u00fchren.<!--more--> Die Verlegung des Stichtags w\u00fcrde  Abhilfe schaffen.     Eine von Eltern ins Leben gerufene Initiative [1] fordert die  Landesregierung dazu auf, den Stichtag f\u00fcr die Einschulung auf den  30. Juni. zur\u00fcck zu verlegen. Bereits 2014 titulierte &#8222;ZEIT Online&#8220;:  &#8222;Keine F\u00fcnfj\u00e4hrigen in die ersten Klassen&#8220; [2]. Die verfr\u00fchten  Einschulungen zeigen sich in schw\u00e4cheren Leistungen. Darunter leiden  oftmals auch Psyche und geistiges Wohlbefinden der betroffenen  Kinder.     &#8222;Zum Wohl unserer Kinder sollten wir solch fr\u00fche Einschulungen  unterlassen. Wir schaden dem Kind und gewinnen nichts dabei&#8220;,  kommentiert Michael Kn\u00f6dler, Vorsitzender der Piratenpartei  Baden-W\u00fcrttemberg.     Bereits zur Bundestagswahl 2017 forderte die Piratenpartei eine  Einschulung &#8222;nicht vor dem Ende des sechsten Lebensjahres&#8220; [3]. Die  Pers\u00f6nlichkeitsentwicklung ben\u00f6tigt Zeit, insbesondere sollten Kinder in dieser Zeit keinen starken Belastungen ausgesetzt sein.     &#8222;Wir bitten die Landesregierung darum, auf das kindliche Wohl zu  achten und die Einschulung nach hinten zu schieben. Regelungen zu  verfr\u00fchten Einschulungen k\u00f6nnen weiter bestehen, das muss im  Einzelfall mit den Eltern und Experten abgestimmt werden&#8220;, so Kn\u00f6dler weiter.     Die Piratenpartei fordert daher dazu auf, die Petition zu  unterzeichnen.  Quellen  [1] http:\/\/ots.de\/B1BLts  [2] http:\/\/ots.de\/Beuqn6  [3] http:\/\/ots.de\/72uf3B    Pressekontakt: Alexander Ebhart Landespressesprecher E-Mail: presse@piratenpartei-bw.de Mobil: 01764 7127628  Philip K\u00f6ngeter Landespressebeauftragter E-Mail: presse@piratenpartei-bw.de Mobil: 0174 3678147  Original-Content von: Piratenpartei Deutschland, \u00fcbermittelt durch news aktuell<\/p>\n<p>Quelle: <a href=\"https:\/\/www.presseportal.de\/pm\/76876\/4190486\" target=\"_blank\">presseportal.de<\/a><\/p>\n","protected":false},"excerpt":{"rendered":"<p>Stuttgart (ots) &#8211; In Baden-W\u00fcrttemberg werden immer wieder Kinder im zarten Alter von f\u00fcnf Jahren eingeschult. Der Stichtag f\u00fcr die<\/p>\n","protected":false},"author":3,"featured_media":0,"comment_status":"open","ping_status":"open","sticky":false,"template":"","format":"standard","meta":{"colormag_page_container_layout":"default_layout","colormag_page_sidebar_layout":"default_layout","footnotes":""},"categories":[5],"tags":[],"class_list":["post-276723","post","type-post","status-publish","format-standard","hentry","category-politik-wirtschaft"],"_links":{"self":[{"href":"https:\/\/hier-luebeck.de\/index.php\/wp-json\/wp\/v2\/posts\/276723","targetHints":{"allow":["GET"]}}],"collection":[{"href":"https:\/\/hier-luebeck.de\/index.php\/wp-json\/wp\/v2\/posts"}],"about":[{"href":"https:\/\/hier-luebeck.de\/index.php\/wp-json\/wp\/v2\/types\/post"}],"author":[{"embeddable":true,"href":"https:\/\/hier-luebeck.de\/index.php\/wp-json\/wp\/v2\/users\/3"}],"replies":[{"embeddable":true,"href":"https:\/\/hier-luebeck.de\/index.php\/wp-json\/wp\/v2\/comments?post=276723"}],"version-history":[{"count":0,"href":"https:\/\/hier-luebeck.de\/index.php\/wp-json\/wp\/v2\/posts\/276723\/revisions"}],"wp:attachment":[{"href":"https:\/\/hier-luebeck.de\/index.php\/wp-json\/wp\/v2\/media?parent=276723"}],"wp:term":[{"taxonomy":"category","embeddable":true,"href":"https:\/\/hier-luebeck.de\/index.php\/wp-json\/wp\/v2\/categories?post=276723"},{"taxonomy":"post_tag","embeddable":true,"href":"https:\/\/hier-luebeck.de\/index.php\/wp-json\/wp\/v2\/tags?post=276723"}],"curies":[{"name":"wp","href":"https:\/\/api.w.org\/{rel}","templated":true}]}}