{"id":276754,"date":"2019-02-12T12:16:46","date_gmt":"2019-02-12T12:16:46","guid":{"rendered":"http:\/\/www.hier-luebeck.de\/politik-wirtschaft\/hoerakustiker-haben-delegiertenversammlung-gewaehlt-praesidentin-marianne-frickel-als-delegierte-im-amt-bestaetigt\/"},"modified":"2019-02-12T12:16:46","modified_gmt":"2019-02-12T12:16:46","slug":"hoerakustiker-haben-delegiertenversammlung-gewaehlt-praesidentin-marianne-frickel-als-delegierte-im-amt-bestaetigt","status":"publish","type":"post","link":"https:\/\/hier-luebeck.de\/index.php\/hoerakustiker-haben-delegiertenversammlung-gewaehlt-praesidentin-marianne-frickel-als-delegierte-im-amt-bestaetigt\/","title":{"rendered":"H\u00f6rakustiker haben Delegiertenversammlung gew\u00e4hlt \/ Pr\u00e4sidentin Marianne Frickel als Delegierte im Amt best\u00e4tigt"},"content":{"rendered":"<p>Mainz (ots) &#8211; Mit der Wahl in N\u00fcrnberg steht das Ergebnis der  Delegiertenwahlen 2019 der Bundesinnung der H\u00f6rakustiker Kd\u00f6R (biha)  fest. Gew\u00e4hlt wurden 15 Delegierte in den vier Bundesl\u00e4ndergruppen  Nord, S\u00fcd, West und Ost. biha-Pr\u00e4sidentin Marianne Frickel wurde  einstimmig im Delegiertenamt best\u00e4tigt.<!--more-->     Die Delegiertenversammlung bildet das oberste Beschlussorgan der  biha im Sinne der Handwerksordnung. Sie wird alle drei Jahre gew\u00e4hlt.     Mit der letzten Delegiertenwahl in N\u00fcrnberg am 12. Februar stehen  nun alle 15 Delegierten fest. In die Delegiertenversammlung der biha  wurden gew\u00e4hlt:     F\u00fcr die Bundesl\u00e4ndergruppe Nord Edgar Hartmeyer, Dagmar Kiena\u00df und Janine Otto. F\u00fcr die Bundesl\u00e4ndergruppe S\u00fcd Hans-J\u00fcrgen B\u00fchrer, Ralf  Klopp, Marc Osswald, Eberhard Schmidt und Maximilian Schwab. F\u00fcr die  Bundesl\u00e4ndergruppe West Marianne Frickel, Georg Jaspert, Ines Jonen,  Carola Klarmann und Boris Ricking. F\u00fcr die Bundesl\u00e4ndergruppe Ost  Beate Gromke und Christoph Dunkel.     Bei den Wahlen in der Bundesl\u00e4ndergruppe West wurde Marianne  Frickel direkt im ersten Wahlgang in ihrem Delegiertenamt best\u00e4tigt.  Die H\u00f6rakustik-Meisterin und erfolgreiche Unternehmerin steht der  Bundesinnung als Pr\u00e4sidentin seit 1998 vor. Sie vertritt die  Interessen der H\u00f6rakustiker sowohl auf nationaler als auch auf  internationaler Ebene gegen\u00fcber der \u00d6ffentlichkeit und der Politik.     Hintergrund zum H\u00f6rakustiker-Handwerk: In Deutschland gibt es etwa 5,4 Millionen Menschen mit einer indizierten Schwerh\u00f6rigkeit. Tendenz steigend. Schwerh\u00f6rigkeit z\u00e4hlt zu den zehn h\u00e4ufigsten  gesundheitlichen Problemen. Mit rund 6.600 H\u00f6rakustiker-Betrieben und ca. 15.000 H\u00f6rakustikern versorgt das H\u00f6rakustiker-Handwerk bereits  ca. 3,5 Millionen Menschen in Deutschland mit qualitativ  hochwertigen, volldigitalen H\u00f6rsystemen. Die Bundesinnung der  H\u00f6rakustiker Kd\u00f6R (biha) vertritt die Interessen der H\u00f6rakustiker in  Deutschland.    Pressekontakt: Dr. Juliane Schwoch (schwoch@biha.de)  Original-Content von: Bundesinnung der H\u00f6rakustiker Kd\u00f6R, \u00fcbermittelt durch news aktuell<\/p>\n<p>Quelle: <a href=\"https:\/\/www.presseportal.de\/pm\/70547\/4191007\" target=\"_blank\">presseportal.de<\/a><\/p>\n","protected":false},"excerpt":{"rendered":"<p>Mainz (ots) &#8211; Mit der Wahl in N\u00fcrnberg steht das Ergebnis der Delegiertenwahlen 2019 der Bundesinnung der H\u00f6rakustiker Kd\u00f6R (biha)<\/p>\n","protected":false},"author":3,"featured_media":0,"comment_status":"open","ping_status":"open","sticky":false,"template":"","format":"standard","meta":{"colormag_page_container_layout":"default_layout","colormag_page_sidebar_layout":"default_layout","footnotes":""},"categories":[5],"tags":[],"class_list":["post-276754","post","type-post","status-publish","format-standard","hentry","category-politik-wirtschaft"],"_links":{"self":[{"href":"https:\/\/hier-luebeck.de\/index.php\/wp-json\/wp\/v2\/posts\/276754","targetHints":{"allow":["GET"]}}],"collection":[{"href":"https:\/\/hier-luebeck.de\/index.php\/wp-json\/wp\/v2\/posts"}],"about":[{"href":"https:\/\/hier-luebeck.de\/index.php\/wp-json\/wp\/v2\/types\/post"}],"author":[{"embeddable":true,"href":"https:\/\/hier-luebeck.de\/index.php\/wp-json\/wp\/v2\/users\/3"}],"replies":[{"embeddable":true,"href":"https:\/\/hier-luebeck.de\/index.php\/wp-json\/wp\/v2\/comments?post=276754"}],"version-history":[{"count":0,"href":"https:\/\/hier-luebeck.de\/index.php\/wp-json\/wp\/v2\/posts\/276754\/revisions"}],"wp:attachment":[{"href":"https:\/\/hier-luebeck.de\/index.php\/wp-json\/wp\/v2\/media?parent=276754"}],"wp:term":[{"taxonomy":"category","embeddable":true,"href":"https:\/\/hier-luebeck.de\/index.php\/wp-json\/wp\/v2\/categories?post=276754"},{"taxonomy":"post_tag","embeddable":true,"href":"https:\/\/hier-luebeck.de\/index.php\/wp-json\/wp\/v2\/tags?post=276754"}],"curies":[{"name":"wp","href":"https:\/\/api.w.org\/{rel}","templated":true}]}}