{"id":276756,"date":"2019-02-12T11:44:26","date_gmt":"2019-02-12T11:44:26","guid":{"rendered":"http:\/\/www.hier-luebeck.de\/politik-wirtschaft\/afd-bundessprecher-joerg-meuthen-extremistische-stroemungen-sind-mit-dem-beamtenstatus-nicht-vereinbar\/"},"modified":"2019-02-12T11:44:26","modified_gmt":"2019-02-12T11:44:26","slug":"afd-bundessprecher-joerg-meuthen-extremistische-stroemungen-sind-mit-dem-beamtenstatus-nicht-vereinbar","status":"publish","type":"post","link":"https:\/\/hier-luebeck.de\/index.php\/afd-bundessprecher-joerg-meuthen-extremistische-stroemungen-sind-mit-dem-beamtenstatus-nicht-vereinbar\/","title":{"rendered":"AfD-Bundessprecher J\u00f6rg Meuthen: Extremistische Str\u00f6mungen sind mit dem Beamtenstatus nicht vereinbar"},"content":{"rendered":"<p>Berlin (ots) &#8211; Bundesinnenminister Horst Seehofer l\u00e4sst die  Vereinbarkeit von Parteimitgliedschaften und Verpflichtungen von  Beamten und Staatsbediensteten durch sein Ministerium \u00fcberpr\u00fcfen.     Dazu erkl\u00e4rt AfD-Bundessprecher Prof. Dr. J\u00f6rg Meuthen:     &#8222;Beamte sind der Rechtsstaatlichkeit besonders verpflichtet und  stehen in einer besonderen Treuepflicht gegen\u00fcber dem Staat.<!--more--> Die AfD  als Rechtsstaatspartei begr\u00fc\u00dft deshalb die Initiative von  Bundesinnenminister Horst Seehofer, die Vereinbarkeit von  Parteimitgliedschaften und Verpflichtungen von Beamten und  Staatsbediensteten regelhaft zu pr\u00fcfen. Insbesondere Beamte und  Angestellte des \u00d6ffentlichen Diensts, die Mitglieder der SPD, der  Gr\u00fcnen und der Linken sind, sollten auf m\u00f6gliche Kontakte zum  linksextremen und gewaltbereiten Antifa-Milieu \u00fcberpr\u00fcft werden. Wir  teilen die Besorgnis Seehofers, dass es m\u00f6glicherweise F\u00e4lle gibt, in denen Beamte und andere Staatsangestellte die wichtige politische  Zur\u00fcckhaltung vermissen lassen und Kontakte in dieses linksextreme  Milieu pflegen. Extremistische Str\u00f6mungen jedweder Couleur sind mit  dem Beamtenstatus nicht vereinbar.&#8220;    Pressekontakt: Alternative f\u00fcr Deutschland Bundesgesch\u00e4ftsstelle  Schillstra\u00dfe 9 \/ 10785 Berlin  Telefon: 030 220 56 96 50 E-Mail: presse@afd.de  Original-Content von: AfD &#8211; Alternative f\u00fcr Deutschland, \u00fcbermittelt durch news aktuell<\/p>\n<p>Quelle: <a href=\"https:\/\/www.presseportal.de\/pm\/110332\/4190945\" target=\"_blank\">presseportal.de<\/a><\/p>\n","protected":false},"excerpt":{"rendered":"<p>Berlin (ots) &#8211; Bundesinnenminister Horst Seehofer l\u00e4sst die Vereinbarkeit von Parteimitgliedschaften und Verpflichtungen von Beamten und Staatsbediensteten durch sein Ministerium<\/p>\n","protected":false},"author":3,"featured_media":0,"comment_status":"open","ping_status":"open","sticky":false,"template":"","format":"standard","meta":{"colormag_page_container_layout":"default_layout","colormag_page_sidebar_layout":"default_layout","footnotes":""},"categories":[5],"tags":[],"class_list":["post-276756","post","type-post","status-publish","format-standard","hentry","category-politik-wirtschaft"],"_links":{"self":[{"href":"https:\/\/hier-luebeck.de\/index.php\/wp-json\/wp\/v2\/posts\/276756","targetHints":{"allow":["GET"]}}],"collection":[{"href":"https:\/\/hier-luebeck.de\/index.php\/wp-json\/wp\/v2\/posts"}],"about":[{"href":"https:\/\/hier-luebeck.de\/index.php\/wp-json\/wp\/v2\/types\/post"}],"author":[{"embeddable":true,"href":"https:\/\/hier-luebeck.de\/index.php\/wp-json\/wp\/v2\/users\/3"}],"replies":[{"embeddable":true,"href":"https:\/\/hier-luebeck.de\/index.php\/wp-json\/wp\/v2\/comments?post=276756"}],"version-history":[{"count":0,"href":"https:\/\/hier-luebeck.de\/index.php\/wp-json\/wp\/v2\/posts\/276756\/revisions"}],"wp:attachment":[{"href":"https:\/\/hier-luebeck.de\/index.php\/wp-json\/wp\/v2\/media?parent=276756"}],"wp:term":[{"taxonomy":"category","embeddable":true,"href":"https:\/\/hier-luebeck.de\/index.php\/wp-json\/wp\/v2\/categories?post=276756"},{"taxonomy":"post_tag","embeddable":true,"href":"https:\/\/hier-luebeck.de\/index.php\/wp-json\/wp\/v2\/tags?post=276756"}],"curies":[{"name":"wp","href":"https:\/\/api.w.org\/{rel}","templated":true}]}}