{"id":276757,"date":"2019-02-12T11:24:23","date_gmt":"2019-02-12T11:24:23","guid":{"rendered":"http:\/\/www.hier-luebeck.de\/politik-wirtschaft\/lars-klingbeil-spd-wir-sagen-erstmal-was-wir-wollen-und-gucken-was-man-in-dieser-regierung-gestalten-kann\/"},"modified":"2019-02-12T11:24:23","modified_gmt":"2019-02-12T11:24:23","slug":"lars-klingbeil-spd-wir-sagen-erstmal-was-wir-wollen-und-gucken-was-man-in-dieser-regierung-gestalten-kann","status":"publish","type":"post","link":"https:\/\/hier-luebeck.de\/index.php\/lars-klingbeil-spd-wir-sagen-erstmal-was-wir-wollen-und-gucken-was-man-in-dieser-regierung-gestalten-kann\/","title":{"rendered":"Lars Klingbeil (SPD): &#8222;Wir sagen erstmal, was wir wollen und gucken, was man in dieser Regierung gestalten kann.&#8220;"},"content":{"rendered":"<p>Bonn\/Berlin (ots) &#8211; SPD-Generalsekret\u00e4r Lars Klingbeil (SPD) hat  die sozialpolitischen Beschl\u00fcsse der SPD-Jahresauftaktklausur im  phoenix-Interview bekr\u00e4ftigt. &#8222;Es geht nicht um einen Kampfmodus. Wir haben uns vorgenommen, das Land zu ver\u00e4ndern. Es geht darum, Politik  f\u00fcr die Menschen in diesem Land zu machen&#8220;.<!--more--> Die Beschl\u00fcsse seien kein Bruch des Koalitionsvertrages, sie dienten der Profilsch\u00e4rfung der  SPD. &#8222;Wir sagen erstmal, was wir wollen und gucken, was man in dieser Regierung gestalten kann&#8220;, so Klingbeil.      Insbesondere das von Bundesarbeitsminister Hubertus Heil  vorgeschlagene Konzept f\u00fcr eine Grundrente sei f\u00fcr die Bek\u00e4mpfung der Altersarmut wichtig. &#8222;Die Grundrente ist im Koalitionsvertrag fest  vereinbart&#8220;, sagte er zur Kritik aus der Union. Bundesarbeitsminister Heil werde jetzt einen Gesetzesvorschlag f\u00fcr die Grundrente  ausarbeiten. Diese sei aus dem Bundeshaushalt finanzierbar. Die Union wolle &#8222;zehn Prozent Superreiche&#8220; vom Solidarit\u00e4tszuschlag befreien,  das belaste den Bundeshaushalt mit zehn bis zw\u00f6lf Milliarden Euro.  &#8222;Die Grundrente kostet halb so viel. Das ist eine Frage der  politischen Priorit\u00e4tensetzung&#8220;, so Klingbeil.    Pressekontakt: phoenix-Kommunikation Pressestelle Telefon: 0228 \/ 9584 192 Fax:     0228 \/ 9584 198 presse@phoenix.de presse.phoenix.de  Original-Content von: PHOENIX, \u00fcbermittelt durch news aktuell<\/p>\n<p>Quelle: <a href=\"https:\/\/www.presseportal.de\/pm\/6511\/4190896\" target=\"_blank\">presseportal.de<\/a><\/p>\n","protected":false},"excerpt":{"rendered":"<p>Bonn\/Berlin (ots) &#8211; SPD-Generalsekret\u00e4r Lars Klingbeil (SPD) hat die sozialpolitischen Beschl\u00fcsse der SPD-Jahresauftaktklausur im phoenix-Interview bekr\u00e4ftigt. &#8222;Es geht nicht um<\/p>\n","protected":false},"author":3,"featured_media":0,"comment_status":"open","ping_status":"open","sticky":false,"template":"","format":"standard","meta":{"colormag_page_container_layout":"default_layout","colormag_page_sidebar_layout":"default_layout","footnotes":""},"categories":[5],"tags":[],"class_list":["post-276757","post","type-post","status-publish","format-standard","hentry","category-politik-wirtschaft"],"_links":{"self":[{"href":"https:\/\/hier-luebeck.de\/index.php\/wp-json\/wp\/v2\/posts\/276757","targetHints":{"allow":["GET"]}}],"collection":[{"href":"https:\/\/hier-luebeck.de\/index.php\/wp-json\/wp\/v2\/posts"}],"about":[{"href":"https:\/\/hier-luebeck.de\/index.php\/wp-json\/wp\/v2\/types\/post"}],"author":[{"embeddable":true,"href":"https:\/\/hier-luebeck.de\/index.php\/wp-json\/wp\/v2\/users\/3"}],"replies":[{"embeddable":true,"href":"https:\/\/hier-luebeck.de\/index.php\/wp-json\/wp\/v2\/comments?post=276757"}],"version-history":[{"count":0,"href":"https:\/\/hier-luebeck.de\/index.php\/wp-json\/wp\/v2\/posts\/276757\/revisions"}],"wp:attachment":[{"href":"https:\/\/hier-luebeck.de\/index.php\/wp-json\/wp\/v2\/media?parent=276757"}],"wp:term":[{"taxonomy":"category","embeddable":true,"href":"https:\/\/hier-luebeck.de\/index.php\/wp-json\/wp\/v2\/categories?post=276757"},{"taxonomy":"post_tag","embeddable":true,"href":"https:\/\/hier-luebeck.de\/index.php\/wp-json\/wp\/v2\/tags?post=276757"}],"curies":[{"name":"wp","href":"https:\/\/api.w.org\/{rel}","templated":true}]}}