{"id":27681,"date":"2011-01-21T09:40:48","date_gmt":"2011-01-21T08:40:48","guid":{"rendered":"http:\/\/www.hier-luebeck.de\/?p=27681"},"modified":"2011-01-21T09:42:17","modified_gmt":"2011-01-21T08:42:17","slug":"internationale-grune-woche-2011-in-berlin-landwirtschaftsministerin-rumpf-erneuert-kooperationsvereinbarungen-mit-amtskollegen-aus-dem-baltikum","status":"publish","type":"post","link":"https:\/\/hier-luebeck.de\/index.php\/internationale-grune-woche-2011-in-berlin-landwirtschaftsministerin-rumpf-erneuert-kooperationsvereinbarungen-mit-amtskollegen-aus-dem-baltikum\/","title":{"rendered":"Internationale Gr\u00fcne Woche 2011 in Berlin: Landwirtschaftsministerin Rumpf erneuert Kooperationsvereinbarungen mit Amtskollegen aus dem Baltikum"},"content":{"rendered":"<p>BERLIN. Landwirtschaftsministerin Dr. Juliane Rumpf nutzt die Gr\u00fcne Woche in Berlin auch f\u00fcr Kontakte zu ihren Kolleginnen und Kollegen aus dem In- und Ausland. Heute (21. Januar) trifft sie auf dem neuen Schleswig-Holstein-Stand mit ihrem Amtskollegen J\u0101nis D\u016bklavs aus Lettland zusammen. Beide erneuern eine f\u00fcnfj\u00e4hrige Kooperationsvereinbarung der Ministerien aus dem Jahre 2006. Neben dem formalen Akt der Unterzeichnung dient das Treffen mit Minister D\u016bklavs einem ersten gegenseitigen Kennenlernen.<!--more--><\/p>\n<p>Anschlie\u00dfend folgt Frau Rumpf einer Einladung des estnischen Landwirtschaftsministers Helir-Valdor Seeder, um im Rahmen des Estland-Messeauftritts ebenfalls eine Erkl\u00e4rung zur gegenseitigen Zusammenarbeit zu verl\u00e4ngern.<\/p>\n<p>Die Kooperationsvereinbarungen aus dem Jahre 2006 verbinden die Landwirtschaftsministerien, indem jeweils beide Seiten den Austausch von Fachleuten der Agrarverwaltung und der Agrarwirtschaft ebenso wie den von Sch\u00fclern und Studenten der Agrarwirtschaft intensivieren wollen. Im Fokus stehen zudem die gegenseitige Teilnahme von Expertinnen und Experten an Seminaren, Tagungen und Exkursionen und der verst\u00e4rkte Austausch von Positionen zur EU-Agrarpolitik, wobei es auch um M\u00f6glichkeiten der gemeinsamen Nutzung von EU-Mitteln f\u00fcr bilaterale oder multilaterale Projekte geht.<\/p>\n<p>Erst im vergangenen Herbst hatte sich am Rande der Messe NORLA in Rendsburg eine Fachdelegation aus Estland in Schleswig-Holstein vier Tage lang \u00fcber verschiedene Strategien bei der Vermarktung von Lebensmitteln informiert. &#8222;&#8220;Unsere langj\u00e4hrigen Erfahrungen mit der Entwicklung von Qualit\u00e4tssicherungssystemen wie dem G\u00fctezeichen Schleswig-Holstein oder anderen regionalen Vermarktungsstrategien vor touristischem Hintergrund wie der K\u00e4sestra\u00dfe oder Schleswig-Holstein is(s)t lecker geben wir gerne weiter&#8220;&#8220;, so Frau Rumpf.<\/p>\n","protected":false},"excerpt":{"rendered":"<p>BERLIN. Landwirtschaftsministerin Dr. Juliane Rumpf nutzt die Gr\u00fcne Woche in Berlin auch f\u00fcr Kontakte zu ihren Kolleginnen und Kollegen aus<\/p>\n","protected":false},"author":3,"featured_media":0,"comment_status":"open","ping_status":"open","sticky":false,"template":"","format":"standard","meta":{"colormag_page_container_layout":"default_layout","colormag_page_sidebar_layout":"default_layout","footnotes":""},"categories":[13],"tags":[],"class_list":["post-27681","post","type-post","status-publish","format-standard","hentry","category-veranstaltungen"],"_links":{"self":[{"href":"https:\/\/hier-luebeck.de\/index.php\/wp-json\/wp\/v2\/posts\/27681","targetHints":{"allow":["GET"]}}],"collection":[{"href":"https:\/\/hier-luebeck.de\/index.php\/wp-json\/wp\/v2\/posts"}],"about":[{"href":"https:\/\/hier-luebeck.de\/index.php\/wp-json\/wp\/v2\/types\/post"}],"author":[{"embeddable":true,"href":"https:\/\/hier-luebeck.de\/index.php\/wp-json\/wp\/v2\/users\/3"}],"replies":[{"embeddable":true,"href":"https:\/\/hier-luebeck.de\/index.php\/wp-json\/wp\/v2\/comments?post=27681"}],"version-history":[{"count":0,"href":"https:\/\/hier-luebeck.de\/index.php\/wp-json\/wp\/v2\/posts\/27681\/revisions"}],"wp:attachment":[{"href":"https:\/\/hier-luebeck.de\/index.php\/wp-json\/wp\/v2\/media?parent=27681"}],"wp:term":[{"taxonomy":"category","embeddable":true,"href":"https:\/\/hier-luebeck.de\/index.php\/wp-json\/wp\/v2\/categories?post=27681"},{"taxonomy":"post_tag","embeddable":true,"href":"https:\/\/hier-luebeck.de\/index.php\/wp-json\/wp\/v2\/tags?post=27681"}],"curies":[{"name":"wp","href":"https:\/\/api.w.org\/{rel}","templated":true}]}}