{"id":276810,"date":"2019-02-13T08:52:03","date_gmt":"2019-02-13T08:52:03","guid":{"rendered":"http:\/\/www.hier-luebeck.de\/besondere-neuigkeiten\/pol-hl-oh-malente-essen-auf-dem-herd-faengt-feuer-2\/"},"modified":"2019-02-13T08:52:03","modified_gmt":"2019-02-13T08:52:03","slug":"pol-hl-oh-malente-essen-auf-dem-herd-faengt-feuer-2","status":"publish","type":"post","link":"https:\/\/hier-luebeck.de\/index.php\/pol-hl-oh-malente-essen-auf-dem-herd-faengt-feuer-2\/","title":{"rendered":"POL-HL: OH-Malente\/\nEssen auf dem Herd f\u00e4ngt Feuer"},"content":{"rendered":"<p>L\u00fcbeck (ots) &#8211; Am Dienstagabend (12.02.2019) kam es in der  Malenter Brunnenstra\u00dfe zu einem K\u00fcchenbrand. Dieser konnte durch die  Feuerwehr schnell gel\u00f6scht werden. Personen kamen nicht zu Schaden.     Gegen 19:00 Uhr beobachtete ein Nachbar Qualm aus dem  K\u00fcchenfenster eines Einfamilienhauses. Sofort benachrichtigte er die  Feuerwehr.<!--more--> Da die Eigent\u00fcmer des betroffenen Hauses nicht anwesend  waren, verschaffte sich die Feuerwehr Zutritt zum Geb\u00e4ude. Kurze Zeit sp\u00e4ter konnte das Feuer gel\u00f6scht werden. In der K\u00fcche fanden die  Einsatzkr\u00e4fte einen Kochtopf mit brennenden Essensresten auf der  eingeschalteten Herdplatte vor.     Gegen 20:20 Uhr kam es zu einer erneuten Rauchentwicklung aus  derselben K\u00fcche. Die Feuerwehr kam ein zweites Mal zum Einsatz. Die  Ursache der neuerlichen Rauchentwicklung steht derzeit noch nicht  fest. Personen wurden bei keinem der beiden Eins\u00e4tze verletzt. Der  durch die Rauchentwicklung sowie die L\u00f6scharbeiten entstandene  Sachschaden wird auf ca. 10.000 EUR gesch\u00e4tzt.     <\/p>\n<p>Quelle: <a href=\"https:\/\/www.presseportal.de\/blaulicht\/pm\/43738\/4191660\" target=\"_blank\">presseportal.de<\/a><\/p>\n","protected":false},"excerpt":{"rendered":"<p>L\u00fcbeck (ots) &#8211; Am Dienstagabend (12.02.2019) kam es in der Malenter Brunnenstra\u00dfe zu einem K\u00fcchenbrand. Dieser konnte durch die Feuerwehr<\/p>\n","protected":false},"author":3,"featured_media":0,"comment_status":"open","ping_status":"open","sticky":false,"template":"","format":"standard","meta":{"colormag_page_container_layout":"default_layout","colormag_page_sidebar_layout":"default_layout","footnotes":""},"categories":[20],"tags":[],"class_list":["post-276810","post","type-post","status-publish","format-standard","hentry","category-besondere-neuigkeiten"],"_links":{"self":[{"href":"https:\/\/hier-luebeck.de\/index.php\/wp-json\/wp\/v2\/posts\/276810","targetHints":{"allow":["GET"]}}],"collection":[{"href":"https:\/\/hier-luebeck.de\/index.php\/wp-json\/wp\/v2\/posts"}],"about":[{"href":"https:\/\/hier-luebeck.de\/index.php\/wp-json\/wp\/v2\/types\/post"}],"author":[{"embeddable":true,"href":"https:\/\/hier-luebeck.de\/index.php\/wp-json\/wp\/v2\/users\/3"}],"replies":[{"embeddable":true,"href":"https:\/\/hier-luebeck.de\/index.php\/wp-json\/wp\/v2\/comments?post=276810"}],"version-history":[{"count":0,"href":"https:\/\/hier-luebeck.de\/index.php\/wp-json\/wp\/v2\/posts\/276810\/revisions"}],"wp:attachment":[{"href":"https:\/\/hier-luebeck.de\/index.php\/wp-json\/wp\/v2\/media?parent=276810"}],"wp:term":[{"taxonomy":"category","embeddable":true,"href":"https:\/\/hier-luebeck.de\/index.php\/wp-json\/wp\/v2\/categories?post=276810"},{"taxonomy":"post_tag","embeddable":true,"href":"https:\/\/hier-luebeck.de\/index.php\/wp-json\/wp\/v2\/tags?post=276810"}],"curies":[{"name":"wp","href":"https:\/\/api.w.org\/{rel}","templated":true}]}}