{"id":276823,"date":"2019-02-13T08:19:51","date_gmt":"2019-02-13T08:19:51","guid":{"rendered":"http:\/\/www.hier-luebeck.de\/politik-wirtschaft\/rbb-inforadio-annen-sieht-kaum-noch-chancen-fuer-inf-vertrag\/"},"modified":"2019-02-13T08:19:51","modified_gmt":"2019-02-13T08:19:51","slug":"rbb-inforadio-annen-sieht-kaum-noch-chancen-fuer-inf-vertrag","status":"publish","type":"post","link":"https:\/\/hier-luebeck.de\/index.php\/rbb-inforadio-annen-sieht-kaum-noch-chancen-fuer-inf-vertrag\/","title":{"rendered":"rbb-Inforadio: Annen sieht kaum noch Chancen f\u00fcr INF-Vertrag"},"content":{"rendered":"<p>Berlin (ots) &#8211; Der Staatsminister im Ausw\u00e4rtigen Amt, Niels Annen  (SPD), sieht kaum noch Chancen, den INF-Abr\u00fcstungsvertrag zwischen  Russland und den USA zu retten.     Annen sagte am Mittwoch im Inforadio vom rbb, zwar m\u00fcsse alles  getan werden, um den Vertrag zu erhalten.<!--more--> &#8222;Wir haben auch im Gespr\u00e4ch mit den Vereinigten Staaten daf\u00fcr gesorgt, dass der Vertrag noch  nicht sofort gek\u00fcndigt wurde&#8220;, so Annen.     Er wolle jedoch gar keinen Hehl daraus machen: &#8222;Im Moment sieht es so aus, als ob beide Seiten gar kein wirkliches gesteigertes  Interesse daran haben, diesen Vertrag zu retten und deswegen brauchen wir hier auch den Druck der \u00d6ffentlichkeit.&#8220;    Pressekontakt: Rundfunk Berlin-Brandenburg  Inforadio  Chef\/Chefin vom Dienst  Tel.: 030 &#8211; 97993 &#8211; 37400  Mail: info@inforadio.de  Original-Content von: Rundfunk Berlin-Brandenburg (rbb), \u00fcbermittelt durch news aktuell<\/p>\n<p>Quelle: <a href=\"https:\/\/www.presseportal.de\/pm\/51580\/4191624\" target=\"_blank\">presseportal.de<\/a><\/p>\n","protected":false},"excerpt":{"rendered":"<p>Berlin (ots) &#8211; Der Staatsminister im Ausw\u00e4rtigen Amt, Niels Annen (SPD), sieht kaum noch Chancen, den INF-Abr\u00fcstungsvertrag zwischen Russland und<\/p>\n","protected":false},"author":3,"featured_media":0,"comment_status":"open","ping_status":"open","sticky":false,"template":"","format":"standard","meta":{"colormag_page_container_layout":"default_layout","colormag_page_sidebar_layout":"default_layout","footnotes":""},"categories":[5],"tags":[],"class_list":["post-276823","post","type-post","status-publish","format-standard","hentry","category-politik-wirtschaft"],"_links":{"self":[{"href":"https:\/\/hier-luebeck.de\/index.php\/wp-json\/wp\/v2\/posts\/276823","targetHints":{"allow":["GET"]}}],"collection":[{"href":"https:\/\/hier-luebeck.de\/index.php\/wp-json\/wp\/v2\/posts"}],"about":[{"href":"https:\/\/hier-luebeck.de\/index.php\/wp-json\/wp\/v2\/types\/post"}],"author":[{"embeddable":true,"href":"https:\/\/hier-luebeck.de\/index.php\/wp-json\/wp\/v2\/users\/3"}],"replies":[{"embeddable":true,"href":"https:\/\/hier-luebeck.de\/index.php\/wp-json\/wp\/v2\/comments?post=276823"}],"version-history":[{"count":0,"href":"https:\/\/hier-luebeck.de\/index.php\/wp-json\/wp\/v2\/posts\/276823\/revisions"}],"wp:attachment":[{"href":"https:\/\/hier-luebeck.de\/index.php\/wp-json\/wp\/v2\/media?parent=276823"}],"wp:term":[{"taxonomy":"category","embeddable":true,"href":"https:\/\/hier-luebeck.de\/index.php\/wp-json\/wp\/v2\/categories?post=276823"},{"taxonomy":"post_tag","embeddable":true,"href":"https:\/\/hier-luebeck.de\/index.php\/wp-json\/wp\/v2\/tags?post=276823"}],"curies":[{"name":"wp","href":"https:\/\/api.w.org\/{rel}","templated":true}]}}