{"id":276826,"date":"2019-02-13T06:58:47","date_gmt":"2019-02-13T06:58:47","guid":{"rendered":"http:\/\/www.hier-luebeck.de\/politik-wirtschaft\/sandro-kirchner-und-alexander-koenig-jetzt-mit-impulsen-die-unternehmen-in-bayern-staerken-von-steuer-und-buerokratie-entlasten-2\/"},"modified":"2019-02-13T06:58:47","modified_gmt":"2019-02-13T06:58:47","slug":"sandro-kirchner-und-alexander-koenig-jetzt-mit-impulsen-die-unternehmen-in-bayern-staerken-von-steuer-und-buerokratie-entlasten-2","status":"publish","type":"post","link":"https:\/\/hier-luebeck.de\/index.php\/sandro-kirchner-und-alexander-koenig-jetzt-mit-impulsen-die-unternehmen-in-bayern-staerken-von-steuer-und-buerokratie-entlasten-2\/","title":{"rendered":"Sandro Kirchner und Alexander K\u00f6nig: Jetzt mit Impulsen die Unternehmen in Bayern st\u00e4rken &#8211; Von Steuer und B\u00fcrokratie entlasten"},"content":{"rendered":"<p>M\u00fcnchen (ots) &#8211; Die CSU-Fraktion im Bayerischen Landtag will, dass sich das Landesparlament klar gegen  Steuererh\u00f6hungen positioniert.  Steuererh\u00f6hungspl\u00e4nen der Bundes-SPD will die Fraktion in einem  Dringlichkeitsantrag, der am heutigen Mittwoch im Plenum des Landtags diskutiert wird, eine Absage erteilen.<!--more--> &#8222;Den B\u00fcrgern und Unternehmen  noch mehr Steuern abzupressen, ist angesichts der wachsenden  konjunkturellen Risiken der falsche Weg&#8220;, so Sandro Kirchner, der  Vorsitzende des Wirtschaftsausschusses im Bayerischen Landtag.     In dem Dringlichkeitsantrag fordern die CSU-Abgeordneten vom Bund  eine mittelstandsfreundliche Reform der Unternehmenssteuern. Ferner  erwarten sie einen verbindlichen Fahrplan, der festlegt wann und wie  der Solidarit\u00e4tszuschlag vollst\u00e4ndig abgeschafft wird. Ferner wollen  sie die Forschung und Entwicklung in kleinen und mittleren  Unternehmen durch Steuergutschriften f\u00f6rdern.     &#8222;Fast die H\u00e4lfte aller bayerischen Unternehmen sehen die  wirtschaftspolitischen Rahmenbedingungen als Gesch\u00e4ftsrisiko. Sie  nennen unter anderem die hohe Steuer- und Abgabenlast und die starke  Regelungsdichte&#8220;, mahnt  Alexander K\u00f6nig, stellvertretender  Vorsitzender der CSU-Fraktion. Der Dringlichkeitsantrag fordert  deshalb den Abbau bestehender B\u00fcrokratie im Steuerrecht. Als Beispiel werden k\u00fcrzere Aufbewahrungsfristen f\u00fcr Steuerunterlagen genannt. Die CSU-Fraktion fordert die Staatsregierung auf sich daf\u00fcr einzusetzen,  die am h\u00e4ufigsten von Unternehmen nachgefragten  Verwaltungsdienstleistungen digital anzubieten.     Auf internationaler Ebene vollziehe sich derzeit ein Wettbewerb  bei Unternehmenssteuern, der vor allem durch die Reformen in den USA, Frankreich und Gro\u00dfbritannien angeheizt werde. &#8222;Ziel der bayerischen  Steuerpolitik muss es daher sein, dass in Deutschland erwirtschaftete Gewinne im Inland versteuert werden. Wir wollen verhindern, dass  Gewinne ins Ausland verlagert werden&#8220;, so Kirchner.     &#8222;Es ist unverantwortlich, dass die SPD die Steuerschraube zum  jetzigen Zeitpunkt anziehen will, um ihre internen  Auseinandersetzungen zu kaschieren. Steuererh\u00f6hungen sind Gift f\u00fcr  die Konjunktur und ein v\u00f6llig falsches Signal an die Leistungstr\u00e4ger  unserer Gesellschaft.&#8220; Deutschland w\u00fcrde immer mehr in die Gruppe der Hochsteuerl\u00e4nder rutschen. &#8222;Wir brauchen eine wachstumsorientierte  Steuerpolitik, die die Investitionen der bayerischen Unternehmen  ankurbelt und den Zeichen am Horizont entgegenwirkt&#8220;, so der  CSU-Wirtschaftspolitiker abschlie\u00dfend.    Pressekontakt: Franz Stangl Pressesprecher Telefon: 089\/4126-2496 Telefax: 089\/4126-69496 E-Mail : franz.stangl@csu-landtag.de  Andreas Schneider Stellv. Pressesprecher Telefon: 089\/4126-2489 Telefax: 089\/4126-69489 E-Mail: andreas.schneider@csu-landtag.de  Original-Content von: CSU-Fraktion im Bayerischen Landtag, \u00fcbermittelt durch news aktuell<\/p>\n<p>Quelle: <a href=\"https:\/\/www.presseportal.de\/pm\/53955\/4191571\" target=\"_blank\">presseportal.de<\/a><\/p>\n","protected":false},"excerpt":{"rendered":"<p>M\u00fcnchen (ots) &#8211; Die CSU-Fraktion im Bayerischen Landtag will, dass sich das Landesparlament klar gegen Steuererh\u00f6hungen positioniert. Steuererh\u00f6hungspl\u00e4nen der Bundes-SPD<\/p>\n","protected":false},"author":3,"featured_media":0,"comment_status":"open","ping_status":"open","sticky":false,"template":"","format":"standard","meta":{"colormag_page_container_layout":"default_layout","colormag_page_sidebar_layout":"default_layout","footnotes":""},"categories":[5],"tags":[],"class_list":["post-276826","post","type-post","status-publish","format-standard","hentry","category-politik-wirtschaft"],"_links":{"self":[{"href":"https:\/\/hier-luebeck.de\/index.php\/wp-json\/wp\/v2\/posts\/276826","targetHints":{"allow":["GET"]}}],"collection":[{"href":"https:\/\/hier-luebeck.de\/index.php\/wp-json\/wp\/v2\/posts"}],"about":[{"href":"https:\/\/hier-luebeck.de\/index.php\/wp-json\/wp\/v2\/types\/post"}],"author":[{"embeddable":true,"href":"https:\/\/hier-luebeck.de\/index.php\/wp-json\/wp\/v2\/users\/3"}],"replies":[{"embeddable":true,"href":"https:\/\/hier-luebeck.de\/index.php\/wp-json\/wp\/v2\/comments?post=276826"}],"version-history":[{"count":0,"href":"https:\/\/hier-luebeck.de\/index.php\/wp-json\/wp\/v2\/posts\/276826\/revisions"}],"wp:attachment":[{"href":"https:\/\/hier-luebeck.de\/index.php\/wp-json\/wp\/v2\/media?parent=276826"}],"wp:term":[{"taxonomy":"category","embeddable":true,"href":"https:\/\/hier-luebeck.de\/index.php\/wp-json\/wp\/v2\/categories?post=276826"},{"taxonomy":"post_tag","embeddable":true,"href":"https:\/\/hier-luebeck.de\/index.php\/wp-json\/wp\/v2\/tags?post=276826"}],"curies":[{"name":"wp","href":"https:\/\/api.w.org\/{rel}","templated":true}]}}