{"id":276851,"date":"2019-02-13T10:01:04","date_gmt":"2019-02-13T10:01:04","guid":{"rendered":"http:\/\/www.hier-luebeck.de\/besondere-neuigkeiten\/pol-rz-leichtkraftrad-uebersehen-7\/"},"modified":"2019-02-13T10:01:04","modified_gmt":"2019-02-13T10:01:04","slug":"pol-rz-leichtkraftrad-uebersehen-7","status":"publish","type":"post","link":"https:\/\/hier-luebeck.de\/index.php\/pol-rz-leichtkraftrad-uebersehen-7\/","title":{"rendered":"POL-RZ: Leichtkraftrad \u00fcbersehen"},"content":{"rendered":"<p>Ratzeburg (ots) &#8211; B\u00fcchen     Am 12.02.2019, gegen 15.15 Uhr, kam es auf der Kreisstra\u00dfe 32  (Fitzener Stra\u00dfe) bei B\u00fcchen zu einem schweren Verkehrsunfall, bei  dem zwei Personen verletzt wurden.     Ein 18-j\u00e4hriger aus der N\u00e4he von B\u00fcchen befuhr mit seinem  Leichtkraftrad die K 32, von Fitzen kommend, in Richtung B\u00fcchen Dorf.<!--more--> Im Verlauf dieser  Strecke fuhr ein 49-j\u00e4hriger Landwirt mit seinem  Traktor von einer Koppelausfahrt nach rechts in Richtung B\u00fcchen Dorf  auf die K 32 ein. Hierbei \u00fcbersah er offensichtlich das von links  kommende aber vorfahrtberechtigte Leichtkraftrad. Der 18-j\u00e4hrige  stie\u00df frontal mit dem Vorderrad des Treckers zusammen und wurde  dadurch nach links in den Stra\u00dfengraben geschleudert. Durch den  Zusammensto\u00df ist der 18-j\u00e4hrige schwer verletzt  worden und musste  mit einem Rettungshubschrauber ins Krankenhaus geflogen werden. Eine  anf\u00e4nglich vermutete Lebensgefahr besteht nicht. Der Landwirt erlitt  einen Schock. An beiden Fahrzeugen entstand ein Gesamtsachschaden von ca. 7.000,- Euro.     <\/p>\n<p>Quelle: <a href=\"https:\/\/www.presseportal.de\/blaulicht\/pm\/43735\/4191759\" target=\"_blank\">presseportal.de<\/a><\/p>\n","protected":false},"excerpt":{"rendered":"<p>Ratzeburg (ots) &#8211; B\u00fcchen Am 12.02.2019, gegen 15.15 Uhr, kam es auf der Kreisstra\u00dfe 32 (Fitzener Stra\u00dfe) bei B\u00fcchen zu<\/p>\n","protected":false},"author":3,"featured_media":0,"comment_status":"open","ping_status":"open","sticky":false,"template":"","format":"standard","meta":{"colormag_page_container_layout":"default_layout","colormag_page_sidebar_layout":"default_layout","footnotes":""},"categories":[20],"tags":[],"class_list":["post-276851","post","type-post","status-publish","format-standard","hentry","category-besondere-neuigkeiten"],"_links":{"self":[{"href":"https:\/\/hier-luebeck.de\/index.php\/wp-json\/wp\/v2\/posts\/276851","targetHints":{"allow":["GET"]}}],"collection":[{"href":"https:\/\/hier-luebeck.de\/index.php\/wp-json\/wp\/v2\/posts"}],"about":[{"href":"https:\/\/hier-luebeck.de\/index.php\/wp-json\/wp\/v2\/types\/post"}],"author":[{"embeddable":true,"href":"https:\/\/hier-luebeck.de\/index.php\/wp-json\/wp\/v2\/users\/3"}],"replies":[{"embeddable":true,"href":"https:\/\/hier-luebeck.de\/index.php\/wp-json\/wp\/v2\/comments?post=276851"}],"version-history":[{"count":0,"href":"https:\/\/hier-luebeck.de\/index.php\/wp-json\/wp\/v2\/posts\/276851\/revisions"}],"wp:attachment":[{"href":"https:\/\/hier-luebeck.de\/index.php\/wp-json\/wp\/v2\/media?parent=276851"}],"wp:term":[{"taxonomy":"category","embeddable":true,"href":"https:\/\/hier-luebeck.de\/index.php\/wp-json\/wp\/v2\/categories?post=276851"},{"taxonomy":"post_tag","embeddable":true,"href":"https:\/\/hier-luebeck.de\/index.php\/wp-json\/wp\/v2\/tags?post=276851"}],"curies":[{"name":"wp","href":"https:\/\/api.w.org\/{rel}","templated":true}]}}