{"id":276855,"date":"2019-02-13T09:00:02","date_gmt":"2019-02-13T09:00:02","guid":{"rendered":"http:\/\/www.hier-luebeck.de\/politik-wirtschaft\/offene-maerkte-gibt-es-sie-noch-germany-trade-invest-informiert-auf-neuer-sonderseite-ueber-handelspolitik-und-aktuelle-handelshuerden\/"},"modified":"2019-02-13T09:00:02","modified_gmt":"2019-02-13T09:00:02","slug":"offene-maerkte-gibt-es-sie-noch-germany-trade-invest-informiert-auf-neuer-sonderseite-ueber-handelspolitik-und-aktuelle-handelshuerden","status":"publish","type":"post","link":"https:\/\/hier-luebeck.de\/index.php\/offene-maerkte-gibt-es-sie-noch-germany-trade-invest-informiert-auf-neuer-sonderseite-ueber-handelspolitik-und-aktuelle-handelshuerden\/","title":{"rendered":"Offene M\u00e4rkte &#8211; Gibt es sie noch? \/ Germany Trade &amp; Invest informiert auf neuer Sonderseite \u00fcber Handelspolitik und aktuelle Handelsh\u00fcrden"},"content":{"rendered":"<p>Bonn\/Berlin (ots) &#8211; Auf der Seite &#8222;Offene M\u00e4rkte&#8220;  (www.gtai.de\/offene-maerkte) finden Unternehmen laufend aktuelle  Analysen zur Handelspolitik in Exportm\u00e4rkten sowie \u00fcber  Freihandelsabkommen, Z\u00f6lle und nichttarif\u00e4re Handelshemmnisse. Das  ist dringend notwendig, da das Jahr 2019 viele Ver\u00e4nderungen f\u00fcr die  deutsche Exportwirtschaft mit sich bringt.<!--more--> Drohender Protektionismus  und zunehmende Marktzugangsbeschr\u00e4nkungen beunruhigen die  Weltwirtschaft. Brexit, Russlandsanktionen, der Zollkonflikt zwischen den USA und China oder die US-Sanktionen gegen den Iran sind  prominente Beispiele.     &#8222;Die L\u00e4nder reagieren unterschiedlich auf diese Entwicklungen. Das geht aus den Berichten unserer Korrespondenten hervor, die wir bisher erhalten haben. So setzen Vietnam und Thailand weiter auf den freien  Handel. Auch das lange verschlossene Usbekistan \u00f6ffnet sich. Und auch Japan wird dank des neuen Freihandelsabkommens mit der EU offener f\u00fcr deutsche Unternehmen&#8220;, erkl\u00e4rt Thomas Hundt von Germany Trade &amp;  Invest, verantwortlich f\u00fcr die Sonderseite.     Die internationalen Handelspolitiken werden von der GTAI laufend  und aktuell untersucht. Oliver Idem (GTAI Kairo) berichtet  beispielsweise, dass \u00c4gypten zwischen Freihandel und Protektionismus  schwankt, w\u00e4hrend Indiens Handelspolitik gem\u00e4\u00df einer Analyse des  Korrespondenten Rainer Jaensch in Delhi vor allem auf seine  Steigerung der Exporte abzielt. Und Kolumbiens Pr\u00e4sident Iv\u00e1n Duque  will sein Land ebenfalls nicht weiter \u00f6ffnen, so die Einsch\u00e4tzung von Edwin Schuh, der f\u00fcr GTAI aus Bogot\u00e1 berichtet.     Mit den rasanten Umw\u00e4lzungen steigt der Informationsbedarf der  Unternehmen: &#8222;Unsere Kunden fragen Informationen zu  Freihandelsabkommen sowie zu nichttarif\u00e4ren Handelshemmnissen derzeit besonders stark nach &#8211; mit steigender Tendenz&#8220;, sagt Dr. Achim Kampf, der bei GTAI den Bereich Zoll leitet. Mit der neuen Sonderseite kommt GTAI dem erh\u00f6hten Informationsbed\u00fcrfnis nach.     Sonderseite &#8222;Offene M\u00e4rkte&#8220;: www.gtai.de\/offene-maerkte    Pressekontakt: Esad Fazlic T +49 (0)30 200 099-151 esad.fazlic@gtai.com  http:\/\/twitter.com\/gtai_de  http:\/\/youtube.com\/gtai  Original-Content von: Germany Trade and Invest, \u00fcbermittelt durch news aktuell<\/p>\n<p>Quelle: <a href=\"https:\/\/www.presseportal.de\/pm\/74441\/4191668\" target=\"_blank\">presseportal.de<\/a><\/p>\n","protected":false},"excerpt":{"rendered":"<p>Bonn\/Berlin (ots) &#8211; Auf der Seite &#8222;Offene M\u00e4rkte&#8220; (www.gtai.de\/offene-maerkte) finden Unternehmen laufend aktuelle Analysen zur Handelspolitik in Exportm\u00e4rkten sowie \u00fcber<\/p>\n","protected":false},"author":3,"featured_media":0,"comment_status":"open","ping_status":"open","sticky":false,"template":"","format":"standard","meta":{"colormag_page_container_layout":"default_layout","colormag_page_sidebar_layout":"default_layout","footnotes":""},"categories":[5],"tags":[],"class_list":["post-276855","post","type-post","status-publish","format-standard","hentry","category-politik-wirtschaft"],"_links":{"self":[{"href":"https:\/\/hier-luebeck.de\/index.php\/wp-json\/wp\/v2\/posts\/276855","targetHints":{"allow":["GET"]}}],"collection":[{"href":"https:\/\/hier-luebeck.de\/index.php\/wp-json\/wp\/v2\/posts"}],"about":[{"href":"https:\/\/hier-luebeck.de\/index.php\/wp-json\/wp\/v2\/types\/post"}],"author":[{"embeddable":true,"href":"https:\/\/hier-luebeck.de\/index.php\/wp-json\/wp\/v2\/users\/3"}],"replies":[{"embeddable":true,"href":"https:\/\/hier-luebeck.de\/index.php\/wp-json\/wp\/v2\/comments?post=276855"}],"version-history":[{"count":0,"href":"https:\/\/hier-luebeck.de\/index.php\/wp-json\/wp\/v2\/posts\/276855\/revisions"}],"wp:attachment":[{"href":"https:\/\/hier-luebeck.de\/index.php\/wp-json\/wp\/v2\/media?parent=276855"}],"wp:term":[{"taxonomy":"category","embeddable":true,"href":"https:\/\/hier-luebeck.de\/index.php\/wp-json\/wp\/v2\/categories?post=276855"},{"taxonomy":"post_tag","embeddable":true,"href":"https:\/\/hier-luebeck.de\/index.php\/wp-json\/wp\/v2\/tags?post=276855"}],"curies":[{"name":"wp","href":"https:\/\/api.w.org\/{rel}","templated":true}]}}