{"id":276858,"date":"2019-02-13T09:00:04","date_gmt":"2019-02-13T09:00:04","guid":{"rendered":"http:\/\/www.hier-luebeck.de\/politik-wirtschaft\/altmaier-will-obergrenze-fuer-sozialabgaben\/"},"modified":"2019-02-13T09:00:04","modified_gmt":"2019-02-13T09:00:04","slug":"altmaier-will-obergrenze-fuer-sozialabgaben","status":"publish","type":"post","link":"https:\/\/hier-luebeck.de\/index.php\/altmaier-will-obergrenze-fuer-sozialabgaben\/","title":{"rendered":"Altmaier will Obergrenze f\u00fcr Sozialabgaben"},"content":{"rendered":"<p>Hamburg (ots) &#8211; Bundeswirtschaftsminister Peter Altmaier (CDU) hat sich daf\u00fcr ausgesprochen, die H\u00f6he der Sozialversicherungsbeitr\u00e4ge  per Verfassung zu begrenzen. &#8222;Wir m\u00fcssen die magische Marke von 40  Prozent unbedingt einhalten&#8220;, sagte Altmaier dem stern. &#8222;Vor acht  Jahren haben wir eine Schuldenbremse ins Grundgesetz aufgenommen.<!--more-->  Wenn es nach mir geht, werden wir in den n\u00e4chsten Jahren auch die  Quote f\u00fcr Sozialabgaben im Grundgesetz festschreiben.&#8220; So k\u00f6nne  sichergestellt werden, dass die Leistungsf\u00e4higkeit des  Wirtschaftsstandorts Deutschland nicht untergraben werde.     Der Anteil der Sozialversicherungen, die Arbeitgeber und  Arbeitnehmer je zur H\u00e4lfte zahlen, betr\u00e4gt derzeit 39,7 Prozent vom  Bruttolohn. &#8222;Ich halte das f\u00fcr eine Obergrenze&#8220;, sagte der  Wirtschaftsminister dem stern. &#8222;Wird sie \u00fcberschritten, gehen  Arbeitspl\u00e4tze verloren, weil weniger investiert wird oder weil es  sich dann erst recht lohnt, Menschen durch Maschinen zu ersetzen.&#8220;     Eindringlich warnte Altmaier davor, dass Deutschland den Anschluss bei der Digitalisierung verpassen k\u00f6nnte. &#8222;Wir haben viel zu wenig  Spezialisten f\u00fcr k\u00fcnstliche Intelligenz, Softwareentwicklung,  Biotechnologie&#8220;, sagte der fr\u00fchere Kanzleramtschef. Er halte  Vollbesch\u00e4ftigung in Deutschland zwar f\u00fcr m\u00f6glich, so Altmaier zum  stern, &#8222;aber nur wenn hier die neuen Jobs der Robotik und der  Plattformen entstehen&#8220;. Zugleich kritisierte der Wirtschaftsminister, dass viele Infrastrukturprojekte vom Berliner Flughafen bis zum  schnellen Internet &#8222;in den Seilen h\u00e4ngen&#8220;. Das sei &#8222;kein Ruhmesblatt  f\u00fcr die viertgr\u00f6\u00dfte Volkswirtschaft der Welt. Das Mobilfunknetz muss  besser werden.&#8220;     &#8222;Fast eine Schicksalsfrage&#8220; nannte es der CDU-Politiker, dass die  deutsche Automobilindustrie den Trend zum selbstfahrenden Auto nicht  verschl\u00e4ft. Deutschland habe in den 70er-Jahren &#8222;einen gewaltigen  Kompetenzverlust in der Unterhaltungselektronik und bei Computern  erlitten&#8220;, so Altmaier. &#8222;Das darf in der Automobilindustrie nicht  noch einmal passieren. Sonst sieht es f\u00fcr die Zukunft wenig rosig  aus.&#8220; Es m\u00fcsse &#8222;auch der Letzte kapieren, dass in der  Automobilindustrie an der Digitalisierung kein Weg vorbeigehen wird.  China und Google haben das verstanden.&#8220;     Verwendung der Meldung bei Angabe der Quelle stern ab sofort frei.    Pressekontakt: Sabine Gr\u00fcngreiff, Gruner + Jahr Unternehmenskommunikation,  Telefon 040-3703 2468  Original-Content von: Gruner+Jahr, STERN, \u00fcbermittelt durch news aktuell<\/p>\n<p>Quelle: <a href=\"https:\/\/www.presseportal.de\/pm\/6329\/4191669\" target=\"_blank\">presseportal.de<\/a><\/p>\n","protected":false},"excerpt":{"rendered":"<p>Hamburg (ots) &#8211; Bundeswirtschaftsminister Peter Altmaier (CDU) hat sich daf\u00fcr ausgesprochen, die H\u00f6he der Sozialversicherungsbeitr\u00e4ge per Verfassung zu begrenzen. &#8222;Wir<\/p>\n","protected":false},"author":3,"featured_media":0,"comment_status":"open","ping_status":"open","sticky":false,"template":"","format":"standard","meta":{"colormag_page_container_layout":"default_layout","colormag_page_sidebar_layout":"default_layout","footnotes":""},"categories":[5],"tags":[],"class_list":["post-276858","post","type-post","status-publish","format-standard","hentry","category-politik-wirtschaft"],"_links":{"self":[{"href":"https:\/\/hier-luebeck.de\/index.php\/wp-json\/wp\/v2\/posts\/276858","targetHints":{"allow":["GET"]}}],"collection":[{"href":"https:\/\/hier-luebeck.de\/index.php\/wp-json\/wp\/v2\/posts"}],"about":[{"href":"https:\/\/hier-luebeck.de\/index.php\/wp-json\/wp\/v2\/types\/post"}],"author":[{"embeddable":true,"href":"https:\/\/hier-luebeck.de\/index.php\/wp-json\/wp\/v2\/users\/3"}],"replies":[{"embeddable":true,"href":"https:\/\/hier-luebeck.de\/index.php\/wp-json\/wp\/v2\/comments?post=276858"}],"version-history":[{"count":0,"href":"https:\/\/hier-luebeck.de\/index.php\/wp-json\/wp\/v2\/posts\/276858\/revisions"}],"wp:attachment":[{"href":"https:\/\/hier-luebeck.de\/index.php\/wp-json\/wp\/v2\/media?parent=276858"}],"wp:term":[{"taxonomy":"category","embeddable":true,"href":"https:\/\/hier-luebeck.de\/index.php\/wp-json\/wp\/v2\/categories?post=276858"},{"taxonomy":"post_tag","embeddable":true,"href":"https:\/\/hier-luebeck.de\/index.php\/wp-json\/wp\/v2\/tags?post=276858"}],"curies":[{"name":"wp","href":"https:\/\/api.w.org\/{rel}","templated":true}]}}