{"id":276912,"date":"2019-02-13T16:04:42","date_gmt":"2019-02-13T16:04:42","guid":{"rendered":"http:\/\/www.hier-luebeck.de\/politik-wirtschaft\/die-oesterreichische-ventus-gruppe-baut-ihr-angebot-zur-inspektion-und-optimierung-von-windkraftanlagen-international-weiter-aus\/"},"modified":"2019-02-13T16:04:42","modified_gmt":"2019-02-13T16:04:42","slug":"die-oesterreichische-ventus-gruppe-baut-ihr-angebot-zur-inspektion-und-optimierung-von-windkraftanlagen-international-weiter-aus","status":"publish","type":"post","link":"https:\/\/hier-luebeck.de\/index.php\/die-oesterreichische-ventus-gruppe-baut-ihr-angebot-zur-inspektion-und-optimierung-von-windkraftanlagen-international-weiter-aus\/","title":{"rendered":"Die \u00f6sterreichische VENTUS-Gruppe baut ihr Angebot zur Inspektion und Optimierung von Windkraftanlagen international weiter aus."},"content":{"rendered":"<p><img decoding=\"async\" class=\"alignleft size-full\" title=\"LiDAR - Messung an Windkraftanlagen zur Erkennung von Fehlausrichtungen der\nGondel, Erkennen von Turbulenzen und \u00dcberpr\u00fcfung der Leistungskurve der\nWindturbinen.\" src=\"https:\/\/cache.pressmailing.net\/thumbnail\/story_big\/e8015018-12aa-44c8-8f77-d6bcdb005efe\/20190213-OTS0192-1-1.jpg\" \/><\/p>\n<p>WienVienna (ots) &#8211; Das Anfang Feber in D\u00e4nemark neu gegr\u00fcndete Unternehmen  &#8222;Ventus Wind Services A\/S&#8220; wird Inspektionen und Optimierungen von Windturbinen  anbieten, einschlie\u00dflich Getriebeinspektion mit Endoskopie und Drohneninspektion von Rotorbl\u00e4ttern.<!--more--> Dar\u00fcber hinaus wird das Angebot an Inspektions- und  Optimierungsdienstleistungen, wie sie bereits von der \u00f6sterreichischen  Ventus-Gruppe angeboten werden, wie z.B. visuelle Messungen der relativen  Rotorblattverstellungen an Windkraftanlagen im laufenden Betrieb und  Optimierungsdienstleistungen mit gondelbasiertem LIDAR, erg\u00e4nzt.  &#8222;Wir freuen uns, Ihnen mitteilen zu k\u00f6nnen, dass unsere bisherigen  Inspektionsaktivit\u00e4ten fortgesetzt werden, nun aber als Teil der  \u00f6sterreichischen VENTUS-Gruppe. Durch die Zusammenf\u00fchrung unserer gemeinsamen  Erfahrungen und Kompetenzen erhalten wir ein noch st\u00e4rkeres Produktprogramm, das wir der Windkraftanlagenindustrie gerne vorstellen werden&#8220;, meint Michael Thorup Svensson, der das neue Unternehmen als CEO f\u00fchren wird.  Der technische Direktor der Ventus Gruppe, Poul Anker L\u00fcbker, meint dazu: &#8222;Mit  der Eingliederung der Ventus Wind Services A\/S bauen wir unser aktuelles  Service- und Optimierungsangebot weiter aus. Die Aufgabe des Teams am neuen  d\u00e4nischen Standort wird es sein, unser Inspektions- und Optimierungsangebot f\u00fcr  Windkraftanlagenbesitzer und -betreiber in der nordischen Region einschlie\u00dflich  Gro\u00dfbritannien anzubieten und gleichzeitig unsere gesamten Offshore-Aktivit\u00e4ten  weltweit abzudecken.&#8220;  Der d\u00e4nische Standort der Ventus Wind Services A\/S wird auch das  Kompetenzzentrum der VENTUS-Gruppe im Bereich der Drohneninspektion von  Windkraftanlagen.  Zus\u00e4tzlich zu den bereits bestehenden Inspektions- und  Optimierungsdienstleistungen bietet die Ventus-Gruppe neue innovative  Versicherungsl\u00f6sungen f\u00fcr die Windindustrie an und verf\u00fcgt \u00fcber ein sehr  vielversprechendes F&amp;E-Projekt zur Rotor\u00fcberwachung. Dieses Projekt wird auch  teilweise von der \u00d6sterreichischen Forschungsf\u00f6rderungsgesellschaft (FFG)  finanziert.  Kontakt: VENTUS GmbH Business Development Martin Rath +43 1 535 00 44 105 m.rath@ventusinsurance.com www.ventusinsurance.com  Original-Content von: Ventus GmbH, \u00fcbermittelt durch news aktuell<\/p>\n<p>Quelle: <a href=\"https:\/\/www.presseportal.de\/pm\/133650\/4192461\" target=\"_blank\">presseportal.de<\/a><\/p>\n","protected":false},"excerpt":{"rendered":"<p>WienVienna (ots) &#8211; Das Anfang Feber in D\u00e4nemark neu gegr\u00fcndete Unternehmen &#8222;Ventus Wind Services A\/S&#8220; wird Inspektionen und Optimierungen von<\/p>\n","protected":false},"author":3,"featured_media":0,"comment_status":"open","ping_status":"open","sticky":false,"template":"","format":"standard","meta":{"colormag_page_container_layout":"default_layout","colormag_page_sidebar_layout":"default_layout","footnotes":""},"categories":[5],"tags":[],"class_list":["post-276912","post","type-post","status-publish","format-standard","hentry","category-politik-wirtschaft"],"_links":{"self":[{"href":"https:\/\/hier-luebeck.de\/index.php\/wp-json\/wp\/v2\/posts\/276912","targetHints":{"allow":["GET"]}}],"collection":[{"href":"https:\/\/hier-luebeck.de\/index.php\/wp-json\/wp\/v2\/posts"}],"about":[{"href":"https:\/\/hier-luebeck.de\/index.php\/wp-json\/wp\/v2\/types\/post"}],"author":[{"embeddable":true,"href":"https:\/\/hier-luebeck.de\/index.php\/wp-json\/wp\/v2\/users\/3"}],"replies":[{"embeddable":true,"href":"https:\/\/hier-luebeck.de\/index.php\/wp-json\/wp\/v2\/comments?post=276912"}],"version-history":[{"count":0,"href":"https:\/\/hier-luebeck.de\/index.php\/wp-json\/wp\/v2\/posts\/276912\/revisions"}],"wp:attachment":[{"href":"https:\/\/hier-luebeck.de\/index.php\/wp-json\/wp\/v2\/media?parent=276912"}],"wp:term":[{"taxonomy":"category","embeddable":true,"href":"https:\/\/hier-luebeck.de\/index.php\/wp-json\/wp\/v2\/categories?post=276912"},{"taxonomy":"post_tag","embeddable":true,"href":"https:\/\/hier-luebeck.de\/index.php\/wp-json\/wp\/v2\/tags?post=276912"}],"curies":[{"name":"wp","href":"https:\/\/api.w.org\/{rel}","templated":true}]}}