{"id":276916,"date":"2019-02-13T15:44:21","date_gmt":"2019-02-13T15:44:21","guid":{"rendered":"http:\/\/www.hier-luebeck.de\/politik-wirtschaft\/klarstellung-eu-kommission-ruettelt-nicht-an-stickoxid-grenzwerten\/"},"modified":"2019-02-13T15:44:21","modified_gmt":"2019-02-13T15:44:21","slug":"klarstellung-eu-kommission-ruettelt-nicht-an-stickoxid-grenzwerten","status":"publish","type":"post","link":"https:\/\/hier-luebeck.de\/index.php\/klarstellung-eu-kommission-ruettelt-nicht-an-stickoxid-grenzwerten\/","title":{"rendered":"Klarstellung: EU-Kommission r\u00fcttelt nicht an Stickoxid-Grenzwerten"},"content":{"rendered":"<p>Berlin (ots) &#8211; Die Europ\u00e4ische Kommission weist Medienberichte  zur\u00fcck, laut denen die Kommission Deutschland genehmige, den  Grenzwert f\u00fcr Stickoxid in Deutschland auf 50 Mikrogramm pro  Kubikmeter Luft zu erh\u00f6hen. Das ist falsch. Der Grenzwert von 40  Mikrogramm im Jahresmittel ist EU-weit verbindlich und von den  Mitgliedstaaten und dem EU-Parlament beschlossen worden.<!--more--> Daran wird  nicht ger\u00fcttelt.     Wie die einzelnen L\u00e4nder diesen Grenzwert erreichen, ist die  alleinige Entscheidung eines jeden Landes. Deutschland hat am 12.  November 2018 die EU-Kommission \u00fcber den Kabinettsbeschluss zur  \u00c4nderung des Bundes-Immissionsschutzgesetzes informiert, demzufolge  Fahrverbote in Regionen mit Stickstoffdioxid-Belastungen bis zu einem Wert von 50 Mikrogramm NO2 pro Kubikmeter Luft im Jahresmittel in der Regel nicht erforderlich seien, da der Grenzwert von 40 Mikrogramm  durch andere Ma\u00dfnahmen erreicht werden k\u00f6nne. Fahrverbote werden  dabei allerdings nicht vollst\u00e4ndig ausgeschlossen &#8211; liegen aber in  der alleinigen Entscheidungskompetenz der Mitgliedstaaten.     \u00dcber das Notifizierungsverfahren bei der Kommission k\u00f6nnen  technische Vorschriften bereits vor ihrem Erlass gepr\u00fcft werden, um  sicherzustellen, dass sie mit EU-Recht \u00fcbereinstimmen. Die  Europ\u00e4ische Kommission wird Deutschland noch heute (Mittwoch)  fristgerecht antworten.    Pressekontakt: &#8212; Vertretung der Europ\u00e4ischen Kommission in Deutschland Reinhard H\u00f6nighaus +49 30 2280 2300 Claudia Guske +49 30 2280 2190  Original-Content von: Europ\u00e4ische Kommission, \u00fcbermittelt durch news aktuell<\/p>\n<p>Quelle: <a href=\"https:\/\/www.presseportal.de\/pm\/35368\/4192426\" target=\"_blank\">presseportal.de<\/a><\/p>\n","protected":false},"excerpt":{"rendered":"<p>Berlin (ots) &#8211; Die Europ\u00e4ische Kommission weist Medienberichte zur\u00fcck, laut denen die Kommission Deutschland genehmige, den Grenzwert f\u00fcr Stickoxid in<\/p>\n","protected":false},"author":3,"featured_media":0,"comment_status":"open","ping_status":"open","sticky":false,"template":"","format":"standard","meta":{"colormag_page_container_layout":"default_layout","colormag_page_sidebar_layout":"default_layout","footnotes":""},"categories":[5],"tags":[],"class_list":["post-276916","post","type-post","status-publish","format-standard","hentry","category-politik-wirtschaft"],"_links":{"self":[{"href":"https:\/\/hier-luebeck.de\/index.php\/wp-json\/wp\/v2\/posts\/276916","targetHints":{"allow":["GET"]}}],"collection":[{"href":"https:\/\/hier-luebeck.de\/index.php\/wp-json\/wp\/v2\/posts"}],"about":[{"href":"https:\/\/hier-luebeck.de\/index.php\/wp-json\/wp\/v2\/types\/post"}],"author":[{"embeddable":true,"href":"https:\/\/hier-luebeck.de\/index.php\/wp-json\/wp\/v2\/users\/3"}],"replies":[{"embeddable":true,"href":"https:\/\/hier-luebeck.de\/index.php\/wp-json\/wp\/v2\/comments?post=276916"}],"version-history":[{"count":0,"href":"https:\/\/hier-luebeck.de\/index.php\/wp-json\/wp\/v2\/posts\/276916\/revisions"}],"wp:attachment":[{"href":"https:\/\/hier-luebeck.de\/index.php\/wp-json\/wp\/v2\/media?parent=276916"}],"wp:term":[{"taxonomy":"category","embeddable":true,"href":"https:\/\/hier-luebeck.de\/index.php\/wp-json\/wp\/v2\/categories?post=276916"},{"taxonomy":"post_tag","embeddable":true,"href":"https:\/\/hier-luebeck.de\/index.php\/wp-json\/wp\/v2\/tags?post=276916"}],"curies":[{"name":"wp","href":"https:\/\/api.w.org\/{rel}","templated":true}]}}