{"id":276917,"date":"2019-02-13T15:10:58","date_gmt":"2019-02-13T15:10:58","guid":{"rendered":"http:\/\/www.hier-luebeck.de\/politik-wirtschaft\/edel-bio-im-supermarkt-einbussen-bei-qualitaet-zur-sache-baden-wuerttemberg-swr-fernsehen-video\/"},"modified":"2019-02-13T15:10:58","modified_gmt":"2019-02-13T15:10:58","slug":"edel-bio-im-supermarkt-einbussen-bei-qualitaet-zur-sache-baden-wuerttemberg-swr-fernsehen-video","status":"publish","type":"post","link":"https:\/\/hier-luebeck.de\/index.php\/edel-bio-im-supermarkt-einbussen-bei-qualitaet-zur-sache-baden-wuerttemberg-swr-fernsehen-video\/","title":{"rendered":"Edel-Bio im Supermarkt: Einbu\u00dfen bei Qualit\u00e4t? &#8222;Zur Sache Baden-W\u00fcrttemberg&#8220;, SWR Fernsehen (VIDEO)"},"content":{"rendered":"<p>Stuttgart (ots) &#8211;     &#8222;Zur Sache Baden-W\u00fcrttemberg&#8220; am Donnerstag, 14. Februar 2019,  20:15 bis 21 Uhr, SWR Fernsehen in Baden-W\u00fcrttemberg     Clemens Bratzler moderiert das landespolitische Magazin des  S\u00fcdwestrundfunks (SWR).     Zu den geplanten Themen der Sendung geh\u00f6ren:     Edel-Bio im Discounter &#8211; gut f\u00fcr Verbraucher, schlecht f\u00fcr die  Qualit\u00e4t?<!--more-->      Seit Anfang des Jahres bietet Lidl Bioland-Produkte an, ab  Donnerstag, 14. Februar, steht hochpreisige Bio-Ware von Demeter in  den Regalen von Kaufland. Brechen jetzt gute Zeiten f\u00fcr Kundinnen und Kunden an, die sich Edel-Bio-Produkte aus dem Reformhaus bisher nicht leisten konnten? Verbraucher und Bio-Landwirte sind verunsichert.  Wird die Bio-Branche von den gro\u00dfen Handelskonzernen \u00fcber den Tisch  gezogen, weil sie \u00fcber kurz oder lang die Preise bestimmen werden?  Bleibt dabei die Qualit\u00e4t von hochwertigen Bio-Produkten wie Milch  und Gem\u00fcse auf der Strecke?     Vor Ort beim Bio-Bauer      Artgerechte Tierhaltung und das Wirtschaften im Einklang mit der  Natur sind seit mehr als 25 Jahren Anspruch von Bio-Bauer Manfred  Schmid aus Westhausen im Ostalbkreis. Deshalb will er seine  Demeter-Produkte nicht im Supermarktregal sehen, erf\u00e4hrt  Vor-Ort-Reporterin Alix Koch.     Wie gef\u00e4hrlich sind die Elektro-Flitzer?      Schnell, handlich, elektrisch &#8211; E-Scooter und Hoverboards sind in  vielen L\u00e4ndern l\u00e4ngst Trend. Im Fr\u00fchjahr sollen die  Elektrokleinstfahrzeuge auch in Deutschland zugelassen werden. Dann  d\u00fcrfen sie auf Stra\u00dfen, Radwegen und teilweise sogar Fu\u00dfwegen  unterwegs sein. Kritiker bef\u00fcrchten Chaos im \u00f6ffentlichen Raum und  mehr Unf\u00e4lle. Wie gef\u00e4hrlich sind E-Roller?     Schwarzfahren &#8211; Straftat oder Akt der Rebellion?      Andrea Schmidt f\u00e4hrt hin und wieder schwarz. Nicht, weil sie sich  keinen Fahrschein leisten kann. Sie fordert: Schwarzfahren muss  entkriminalisiert werden. Daf\u00fcr setzt sie sich in der Initiative  &#8222;Freifahren Stuttgart&#8220; ein. Unterst\u00fctzung gibt es sogar vom Deutschen Richterbund, der sich weniger Belastung f\u00fcr Gerichte und Polizei  erhofft. Doch der Justizminister ist strikt dagegen.     Superman H\u00fcck in neuer Mission      Ex-Waisenkind, Ex-Thaiboxprofi und seit Kurzem auch:  Ex-Porsche-Betriebsratschef. &#8222;Supermann&#8220; Uwe H\u00fcck will es noch einmal wissen, wieder von ganz unten beginnen und sich durchk\u00e4mpfen &#8211; als  Kommunalpolitiker in Pforzheim. Rettet Uwe H\u00fcck die SPD oder ist er  selbst nicht mehr zu retten?     Jugend f\u00fcrs Klima &#8211; wie ernst ist es ihr?      Seit Wochen demonstrieren tausende Sch\u00fclerinnen und Sch\u00fcler f\u00fcr  einen besseren Klimaschutz auch in Baden-W\u00fcrttemberg. Immer freitags  w\u00e4hrend der Schulzeit. Bewusst riskieren sie Strafen. Weil sie ernst  genommen werden wollen von jenen, die \u00fcber Energiewende und  Kohleausstieg entscheiden. Aber leben sie auch ihre Forderungen nach  einer besseren Umwelt? Sind sie bereit, auf Flugreisen zu verzichten, auf das eigene Auto, auf Fleisch und eingeflogene Bananen?     &#8222;Zur Sache Baden-W\u00fcrttemberg&#8220;      Das SWR Politikmagazin &#8222;Zur Sache Baden-W\u00fcrttemberg&#8220; mit Clemens  Bratzler berichtet \u00fcber die Themen, die das Land bewegen.  Vor-Ort-Reportagen, Hintergrundfilme, Studiointerviews und  Satirebeitr\u00e4ge lassen politische Zusammenh\u00e4nge verst\u00e4ndlich werden.  In der &#8222;Wohnzimmer-Konferenz&#8220; diskutieren jeden Donnerstag drei  Baden-W\u00fcrttemberger\/innen via Webcam von ihrem Wohnzimmer aus live  \u00fcber aktuelle politische Themen. Das letzte Wort bleibt dem  Ministerpr\u00e4sidenten des Landes vorbehalten &#8211; computeranimiert und mit der Stimme des SWR3 Comedychefs Andreas M\u00fcller.     Informationen, kostenloses Bildmaterial und weiterf\u00fchrende Links  unter www.SWR.de\/kommunikation.     Mediathek: Nach der Ausstrahlung sind die Sendung und deren  einzelne Beitr\u00e4ge in der ARD Mediathek und unter  www.SWR.de\/zur-sache-baden-wuerttemberg zu sehen.     Pressefotos bei www.ARD-foto.de.    Pressekontakt: Katja Matschinski, 0711 929 11063, kommunikation@SWR.de  Original-Content von: SWR &#8211; S\u00fcdwestrundfunk, \u00fcbermittelt durch news aktuell<\/p>\n<p>Quelle: <a href=\"https:\/\/www.presseportal.de\/pm\/7169\/4192384\" target=\"_blank\">presseportal.de<\/a><\/p>\n","protected":false},"excerpt":{"rendered":"<p>Stuttgart (ots) &#8211; &#8222;Zur Sache Baden-W\u00fcrttemberg&#8220; am Donnerstag, 14. Februar 2019, 20:15 bis 21 Uhr, SWR Fernsehen in Baden-W\u00fcrttemberg Clemens<\/p>\n","protected":false},"author":3,"featured_media":0,"comment_status":"open","ping_status":"open","sticky":false,"template":"","format":"standard","meta":{"colormag_page_container_layout":"default_layout","colormag_page_sidebar_layout":"default_layout","footnotes":""},"categories":[5],"tags":[],"class_list":["post-276917","post","type-post","status-publish","format-standard","hentry","category-politik-wirtschaft"],"_links":{"self":[{"href":"https:\/\/hier-luebeck.de\/index.php\/wp-json\/wp\/v2\/posts\/276917","targetHints":{"allow":["GET"]}}],"collection":[{"href":"https:\/\/hier-luebeck.de\/index.php\/wp-json\/wp\/v2\/posts"}],"about":[{"href":"https:\/\/hier-luebeck.de\/index.php\/wp-json\/wp\/v2\/types\/post"}],"author":[{"embeddable":true,"href":"https:\/\/hier-luebeck.de\/index.php\/wp-json\/wp\/v2\/users\/3"}],"replies":[{"embeddable":true,"href":"https:\/\/hier-luebeck.de\/index.php\/wp-json\/wp\/v2\/comments?post=276917"}],"version-history":[{"count":0,"href":"https:\/\/hier-luebeck.de\/index.php\/wp-json\/wp\/v2\/posts\/276917\/revisions"}],"wp:attachment":[{"href":"https:\/\/hier-luebeck.de\/index.php\/wp-json\/wp\/v2\/media?parent=276917"}],"wp:term":[{"taxonomy":"category","embeddable":true,"href":"https:\/\/hier-luebeck.de\/index.php\/wp-json\/wp\/v2\/categories?post=276917"},{"taxonomy":"post_tag","embeddable":true,"href":"https:\/\/hier-luebeck.de\/index.php\/wp-json\/wp\/v2\/tags?post=276917"}],"curies":[{"name":"wp","href":"https:\/\/api.w.org\/{rel}","templated":true}]}}