{"id":27698,"date":"2011-01-21T14:16:43","date_gmt":"2011-01-21T13:16:43","guid":{"rendered":"http:\/\/www.hier-luebeck.de\/?p=27698"},"modified":"2011-01-21T14:16:43","modified_gmt":"2011-01-21T13:16:43","slug":"oh-tatverdachtiger-kommt-in-untersuchungshaft","status":"publish","type":"post","link":"https:\/\/hier-luebeck.de\/index.php\/oh-tatverdachtiger-kommt-in-untersuchungshaft\/","title":{"rendered":"OH &#8211; Tatverd\u00e4chtiger kommt in Untersuchungshaft"},"content":{"rendered":"<p><a rel=\"attachment wp-att-10985\" href=\"http:\/\/www.hier-luebeck.de\/2010\/02\/pol-hl-hl-st-jurgen-rotloscherstrase-polizei-nimmt-einbrecher-fest\/funkstreifers-13\/\"><img loading=\"lazy\" decoding=\"async\" class=\"size-full wp-image-10985 alignleft\" title=\"FunkstreifeRS\" src=\"http:\/\/www.hier-luebeck.de\/wp-content\/uploads\/2010\/02\/FunkstreifeRS6.JPG\" alt=\"\" width=\"220\" height=\"165\" \/><\/a>Am gestrigen Mittwoch, 19. Januar 2011,  nahmen Beamte der Neust\u00e4dter Polizei einen 37-j\u00e4hrigen, aus Osteuropa stammenden Mann, vorl\u00e4ufig fest. Er steht im Tatverdacht einen Ladendiebstahl bei einem Lebensmitteldiscounter in Neustadt begangen zu haben.<!--more--><\/p>\n<p>Die Beamten fanden bei ihm in den mitgef\u00fchrten Sachen zudem zwei Laptops, die bei einem in der Nacht zuvor begangenen Einbruchdiebstahl in eine Fahrschule in Eutin in der Pl\u00f6ner Stra\u00dfe gestohlen worden waren.<\/p>\n<p>Dieser Tatverd\u00e4chtige ist der zwischenzeitlich mehrfach in Scharbeutz, Neustadt, Stockelsdorf und L\u00fcbeck wegen Ladendiebstahls und anderer kleinerer Straftaten in Erscheinung getreten.<\/p>\n<p>Ihm werden nach umfangreichen Ermittlungen der Kriminalpolizei in Eutin Einbr\u00fcche in Fahrzeuge, Gesch\u00e4ften sowie Wohnungen in Bereich der L\u00fcbecker Bucht vorgehalten. Der bei ihm beschlagnahmte Schmuck sowie Navigationsger\u00e4te konnten nach Vorlagen bei dem Gesch\u00e4digten den Taten zugeordnet werden.<\/p>\n<p>Aufgrund des dringenden Tatverdachtes  erlie\u00df das Amtsgericht Eutin auf Antrag der Staatsanwaltschaft L\u00fcbeck einen Untersuchungshaftbefehl gegen den Mann, der ihm am Mittwoch, 19. Januar 2011, durch den Haftrichter verk\u00fcndet wurde.<\/p>\n","protected":false},"excerpt":{"rendered":"<p>Am gestrigen Mittwoch, 19. Januar 2011, nahmen Beamte der Neust\u00e4dter Polizei einen 37-j\u00e4hrigen, aus Osteuropa stammenden Mann, vorl\u00e4ufig fest. Er<\/p>\n","protected":false},"author":3,"featured_media":0,"comment_status":"open","ping_status":"open","sticky":false,"template":"","format":"standard","meta":{"colormag_page_container_layout":"default_layout","colormag_page_sidebar_layout":"default_layout","footnotes":""},"categories":[20],"tags":[],"class_list":["post-27698","post","type-post","status-publish","format-standard","hentry","category-besondere-neuigkeiten"],"_links":{"self":[{"href":"https:\/\/hier-luebeck.de\/index.php\/wp-json\/wp\/v2\/posts\/27698","targetHints":{"allow":["GET"]}}],"collection":[{"href":"https:\/\/hier-luebeck.de\/index.php\/wp-json\/wp\/v2\/posts"}],"about":[{"href":"https:\/\/hier-luebeck.de\/index.php\/wp-json\/wp\/v2\/types\/post"}],"author":[{"embeddable":true,"href":"https:\/\/hier-luebeck.de\/index.php\/wp-json\/wp\/v2\/users\/3"}],"replies":[{"embeddable":true,"href":"https:\/\/hier-luebeck.de\/index.php\/wp-json\/wp\/v2\/comments?post=27698"}],"version-history":[{"count":0,"href":"https:\/\/hier-luebeck.de\/index.php\/wp-json\/wp\/v2\/posts\/27698\/revisions"}],"wp:attachment":[{"href":"https:\/\/hier-luebeck.de\/index.php\/wp-json\/wp\/v2\/media?parent=27698"}],"wp:term":[{"taxonomy":"category","embeddable":true,"href":"https:\/\/hier-luebeck.de\/index.php\/wp-json\/wp\/v2\/categories?post=27698"},{"taxonomy":"post_tag","embeddable":true,"href":"https:\/\/hier-luebeck.de\/index.php\/wp-json\/wp\/v2\/tags?post=27698"}],"curies":[{"name":"wp","href":"https:\/\/api.w.org\/{rel}","templated":true}]}}