{"id":277005,"date":"2019-02-15T11:58:39","date_gmt":"2019-02-15T11:58:39","guid":{"rendered":"http:\/\/www.hier-luebeck.de\/politik-wirtschaft\/daimler-abgasskandal-kba-ruft-mercedes-c-klasse-wegen-unzulaessiger-abschalteinrichtung-zurueck-naechste-hiobsbotschaft-fuer-mercedes-fahrer\/"},"modified":"2019-02-15T11:58:39","modified_gmt":"2019-02-15T11:58:39","slug":"daimler-abgasskandal-kba-ruft-mercedes-c-klasse-wegen-unzulaessiger-abschalteinrichtung-zurueck-naechste-hiobsbotschaft-fuer-mercedes-fahrer","status":"publish","type":"post","link":"https:\/\/hier-luebeck.de\/index.php\/daimler-abgasskandal-kba-ruft-mercedes-c-klasse-wegen-unzulaessiger-abschalteinrichtung-zurueck-naechste-hiobsbotschaft-fuer-mercedes-fahrer\/","title":{"rendered":"Daimler Abgasskandal &#8211; KBA ruft Mercedes C Klasse wegen unzul\u00e4ssiger Abschalteinrichtung zur\u00fcck, n\u00e4chste Hiobsbotschaft f\u00fcr Mercedes Fahrer"},"content":{"rendered":"<p>Lahr (ots) &#8211; Daimler versinkt weiter im Abgassumpf. Am 13. Februar 2019 hat das Kraftfahrt-Bundesamt (KBA) einen weiteren R\u00fcckruf  bekannt gegeben: Daimler muss das Modell C &#8211; Klasse der Baujahre 2013 bis 2018 zur\u00fcckrufen und eine unzul\u00e4ssige Abschalteinrichtung  entfernen.<!--more--> Weltweit werden 99.452 Fahrzeuge zur\u00fcckgerufen, in  Deutschland sind es nach Angaben des KBA 11.411 Fahrzeuge, die  betroffen sind. Mercedes hat immer wieder betont, dass es bei der  Abgasreinigung allein um die zul\u00e4ssige Ausnutzung von Thermofenstern  geht. Doch durch den R\u00fcckruf widerspricht das KBA dieser Aussage.  Offensichtlich h\u00e4lt das KBA die verwendete Abschalteinrichtung f\u00fcr  illegal, was nicht anderes bedeutet, dass auch Daimler tief im  Abgasskandal angekommen ist, wie zuvor schon VW. Dies nicht zuletzt  auch wegen der Zulassung der Sammelklage in den USA gegen Bosch und  Daimler. Nachdem diese Klage zun\u00e4chst abgewiesen wurde, hat ein  Gericht in den USA erst k\u00fcrzlich aufgrund von Nachbesserungen die  Sammelklage zugelassen.     Wie Daimler das Problem beheben m\u00f6chte, ist nicht bekannt.  Wahrscheinlich wird f\u00fcr den Mercedes C-Klasse auch ein Softwareupdate angeboten werden, wie es bereits f\u00fcr andere Fahrzeuge wie z.B. den  GLC geschehen ist. Gesch\u00e4digten des Mercedes Abgasskandals ist  dringend davon abzuraten, das Update ohne rechtliche Beratung  aufspielen zu lassen. Zwischenzeitlich sind im Abgasskandal hunderte  Urteile zulasten der Hersteller ergangen. Auch die Daimler AG ist  bereits zu Schadensersatz wegen vors\u00e4tzlicher sittenwidriger  Sch\u00e4digung verurteilt worden. So hat erst k\u00fcrzlich das Landgericht  Stuttgart Daimler zu Schadensersatz verurteilt. Die  Oberlandesgerichte Oldenburg, Karlsruhe, K\u00f6ln, Hamm und Hamburg haben sich in Hinweisen und Entscheidungen im Abgasskandal ebenfalls  bereits auf die Seite der Gesch\u00e4digten gestellt. Die Chancen f\u00fcr die  Gesch\u00e4digten sind sehr gut, das Fahrzeug ohne gr\u00f6\u00dferen Verlust  zur\u00fcckgeben zu k\u00f6nnen. Wer sein Fahrzeug geleast oder finanziert hat, kann auch den Autokreditvertrag bzw. den Leasingvertrag mit der  Mercedes Bank widerrufen, da dieser meisten Fehler enth\u00e4lt. Deshalb  hat die Kanzlei Dr. Stoll &amp; Sauer bereits zahlreiche Klagen gegen  H\u00e4ndler, die Daimler AG und die Mercedes Benz Bank eingereicht. Ziel  ist die R\u00fcckabwicklung.     Rechtsanwalt Dr. Ralf Stoll, der bundesweit mehr als 10.000  Verfahren im Abgasskandal f\u00fchrt, teilt mit: &#8222;Die Chancen sind  herausragend f\u00fcr die Gesch\u00e4digten. Es lohnt sich aufgrund der  massiven Wertverluste bei den Dieseln zu klagen. Die Chancen sind so  gut wie noch nie.&#8220;     Bei der Kanzlei Dr. Stoll &amp; Sauer Rechtsanwaltsgesellschaft mbH  handelt es sich mit 5 Fachanw\u00e4lten f\u00fcr Bank- und Kapitalmarktrecht um eine der f\u00fchrenden Kanzleien im VW Abgasskandal und im Bank- und  Kapitalmarktrecht. Die Kanzlei f\u00fchrt mehr als 200 Gerichtsverfahren  gegen verschiedene Autobanken wegen des Widerrufs von Autokrediten.  Im Widerrufsrecht bez\u00fcglich Darlehensvertr\u00e4gen wurden mehr als 5.000  Verbraucher beraten und vertreten. Daneben f\u00fchrt die Kanzlei mehr als 10.000 Gerichtsverfahren im Abgasskandal bundesweit und konnte  bereits hunderte positive Urteile erstreiten. In dem renommierten  JUVE Handbuch 2017\/2018 und 2018\/2019 wird die Kanzlei in der Rubrik  Konfliktl\u00f6sung &#8211; Dispute Resolution, gesellschaftsrechtliche  Streitigkeiten besonders empfohlen f\u00fcr den Bereich  Kapitalanlageprozesse (Anleger). Die Rechtsanw\u00e4lte Dr. Stoll &amp; Sauer  f\u00fchren in einer Spezialgesellschaft die erste  Musterfeststellungsklage gegen die Volkwagen AG f\u00fcr den  Verbraucherzentrale Bundesverband e.V.    Pressekontakt: Dr. Stoll &amp; Sauer Rechtsanwaltsgesellschaft mbH Einsteinallee 1\/1 77933 Lahr Telefon: 07821 \/ 92 37 68 &#8211; 0 Fax: 07821 \/ 92 37 68 &#8211; 889 Mobil f\u00fcr Presseanfragen: 0163\/6707425 kanzlei@dr-stoll-kollegen.de https:\/\/www.dr-stoll-kollegen.de\/ https:\/\/www.dieselskandal-anwalt.de\/ https:\/\/www.vw-schaden.de\/  Original-Content von: Dr. Stoll &amp; Sauer Rechtsanwaltsgesellschaft mbH, \u00fcbermittelt durch news aktuell<\/p>\n<p>Quelle: <a href=\"https:\/\/www.presseportal.de\/pm\/105254\/4194129\" target=\"_blank\">presseportal.de<\/a><\/p>\n","protected":false},"excerpt":{"rendered":"<p>Lahr (ots) &#8211; Daimler versinkt weiter im Abgassumpf. Am 13. Februar 2019 hat das Kraftfahrt-Bundesamt (KBA) einen weiteren R\u00fcckruf bekannt<\/p>\n","protected":false},"author":3,"featured_media":0,"comment_status":"open","ping_status":"open","sticky":false,"template":"","format":"standard","meta":{"colormag_page_container_layout":"default_layout","colormag_page_sidebar_layout":"default_layout","footnotes":""},"categories":[5],"tags":[],"class_list":["post-277005","post","type-post","status-publish","format-standard","hentry","category-politik-wirtschaft"],"_links":{"self":[{"href":"https:\/\/hier-luebeck.de\/index.php\/wp-json\/wp\/v2\/posts\/277005","targetHints":{"allow":["GET"]}}],"collection":[{"href":"https:\/\/hier-luebeck.de\/index.php\/wp-json\/wp\/v2\/posts"}],"about":[{"href":"https:\/\/hier-luebeck.de\/index.php\/wp-json\/wp\/v2\/types\/post"}],"author":[{"embeddable":true,"href":"https:\/\/hier-luebeck.de\/index.php\/wp-json\/wp\/v2\/users\/3"}],"replies":[{"embeddable":true,"href":"https:\/\/hier-luebeck.de\/index.php\/wp-json\/wp\/v2\/comments?post=277005"}],"version-history":[{"count":0,"href":"https:\/\/hier-luebeck.de\/index.php\/wp-json\/wp\/v2\/posts\/277005\/revisions"}],"wp:attachment":[{"href":"https:\/\/hier-luebeck.de\/index.php\/wp-json\/wp\/v2\/media?parent=277005"}],"wp:term":[{"taxonomy":"category","embeddable":true,"href":"https:\/\/hier-luebeck.de\/index.php\/wp-json\/wp\/v2\/categories?post=277005"},{"taxonomy":"post_tag","embeddable":true,"href":"https:\/\/hier-luebeck.de\/index.php\/wp-json\/wp\/v2\/tags?post=277005"}],"curies":[{"name":"wp","href":"https:\/\/api.w.org\/{rel}","templated":true}]}}