{"id":277011,"date":"2019-02-15T12:16:38","date_gmt":"2019-02-15T12:16:38","guid":{"rendered":"http:\/\/www.hier-luebeck.de\/politik-wirtschaft\/gauland-gruene-stehen-fuer-alles-was-deutschland-kaputt-macht-2\/"},"modified":"2019-02-15T12:16:38","modified_gmt":"2019-02-15T12:16:38","slug":"gauland-gruene-stehen-fuer-alles-was-deutschland-kaputt-macht-2","status":"publish","type":"post","link":"https:\/\/hier-luebeck.de\/index.php\/gauland-gruene-stehen-fuer-alles-was-deutschland-kaputt-macht-2\/","title":{"rendered":"Gauland: Gr\u00fcne stehen f\u00fcr alles, was Deutschland kaputt macht"},"content":{"rendered":"<p>Berlin (ots) &#8211; Zur Debatte um sichere Herkunftsl\u00e4nder erkl\u00e4rt der  AfD-Fraktionsvorsitzende Alexander Gauland:     &#8222;Dass es den Gr\u00fcnen heute wieder einmal gelungen ist, die  Abstimmung im Bundesrat \u00fcber die Sicherheit einiger Herkunftsl\u00e4nder  zu vertagen, steht exemplarisch f\u00fcr ihre Sabotagepolitik gegen  deutsches Interesse.<!--more-->     Sie sch\u00e4digen mittlerweile deutsches Nationalinteresse auf fast  allen Ebenen:     Ihr Engagement f\u00fcr Dieselfahrverbote und Tempolimits schr\u00e4nkt  unsere Mobilit\u00e4t ein und hat dem Automobilstandort Deutschland  bereits massiv geschadet. Die Gr\u00fcnen nehmen damit die Zerst\u00f6rung von  tausenden von Arbeitspl\u00e4tzen in Deutschland billigend in Kauf. Der  Kohleausstieg und die uns\u00e4gliche Politik f\u00fcr eine Energiewende und  gegen den sogenannten Klimawandel wird weitere tausende Arbeitspl\u00e4tze kosten. Die Verbraucher m\u00fcssen f\u00fcr den Strom immer tiefer in die  Tasche greifen. Dass nun tausende Kohlekumpel vom Ruhrpott bis in die Lausitz keine Zukunft mehr haben und von Armut bedroht sind, ist den  Gr\u00fcnen egal.     Besonders sch\u00e4dlich f\u00fcr unsere Gesellschaft ist die gr\u00fcne  Zuwanderungspolitik. Hier wird Stimmung nach dem Motto gemacht: Kommt alle nach Deutschland, egal wie viele ihr seid, egal aus welchen  Gr\u00fcnden, egal was es den Steuerzahler kostet. Ideologieaufgeladene  Gef\u00fchlsbomben wie Claudia Roth m\u00f6chten am liebsten die ganze Welt in  unser Sozialsystem aufnehmen.     Die Verschiebung einer wichtigen Abstimmung \u00fcber sichere  Herkunftsl\u00e4nder wie Tunesien oder Georgien im Bundesrat ist ein  Desaster und Zeugnis der Unf\u00e4higkeit der Altparteien, die Asylkrise  jemals zu l\u00f6sen.     Mit ihrer Blockade- und Zersetzungspolitik schaden die Gr\u00fcnen  unserer Gesellschaft, in dem sie die Aufl\u00f6sung Deutschlands immer  weiter vorantreiben.&#8220;    Pressekontakt: Christian L\u00fcth Pressesprecher der AfD-Fraktion im Deutschen Bundestag  Tel.: 030 227 57225  Original-Content von: AfD-Fraktion im Deutschen Bundestag, \u00fcbermittelt durch news aktuell<\/p>\n<p>Quelle: <a href=\"https:\/\/www.presseportal.de\/pm\/130241\/4194174\" target=\"_blank\">presseportal.de<\/a><\/p>\n","protected":false},"excerpt":{"rendered":"<p>Berlin (ots) &#8211; Zur Debatte um sichere Herkunftsl\u00e4nder erkl\u00e4rt der AfD-Fraktionsvorsitzende Alexander Gauland: &#8222;Dass es den Gr\u00fcnen heute wieder einmal<\/p>\n","protected":false},"author":3,"featured_media":0,"comment_status":"open","ping_status":"open","sticky":false,"template":"","format":"standard","meta":{"colormag_page_container_layout":"default_layout","colormag_page_sidebar_layout":"default_layout","footnotes":""},"categories":[5],"tags":[],"class_list":["post-277011","post","type-post","status-publish","format-standard","hentry","category-politik-wirtschaft"],"_links":{"self":[{"href":"https:\/\/hier-luebeck.de\/index.php\/wp-json\/wp\/v2\/posts\/277011","targetHints":{"allow":["GET"]}}],"collection":[{"href":"https:\/\/hier-luebeck.de\/index.php\/wp-json\/wp\/v2\/posts"}],"about":[{"href":"https:\/\/hier-luebeck.de\/index.php\/wp-json\/wp\/v2\/types\/post"}],"author":[{"embeddable":true,"href":"https:\/\/hier-luebeck.de\/index.php\/wp-json\/wp\/v2\/users\/3"}],"replies":[{"embeddable":true,"href":"https:\/\/hier-luebeck.de\/index.php\/wp-json\/wp\/v2\/comments?post=277011"}],"version-history":[{"count":0,"href":"https:\/\/hier-luebeck.de\/index.php\/wp-json\/wp\/v2\/posts\/277011\/revisions"}],"wp:attachment":[{"href":"https:\/\/hier-luebeck.de\/index.php\/wp-json\/wp\/v2\/media?parent=277011"}],"wp:term":[{"taxonomy":"category","embeddable":true,"href":"https:\/\/hier-luebeck.de\/index.php\/wp-json\/wp\/v2\/categories?post=277011"},{"taxonomy":"post_tag","embeddable":true,"href":"https:\/\/hier-luebeck.de\/index.php\/wp-json\/wp\/v2\/tags?post=277011"}],"curies":[{"name":"wp","href":"https:\/\/api.w.org\/{rel}","templated":true}]}}