{"id":277013,"date":"2019-02-15T11:51:45","date_gmt":"2019-02-15T11:51:45","guid":{"rendered":"http:\/\/www.hier-luebeck.de\/politik-wirtschaft\/nato-rahmennationenkonzept-luftwaffe-richtet-multinationale-magdays-aus-foto-2\/"},"modified":"2019-02-15T11:51:45","modified_gmt":"2019-02-15T11:51:45","slug":"nato-rahmennationenkonzept-luftwaffe-richtet-multinationale-magdays-aus-foto-2","status":"publish","type":"post","link":"https:\/\/hier-luebeck.de\/index.php\/nato-rahmennationenkonzept-luftwaffe-richtet-multinationale-magdays-aus-foto-2\/","title":{"rendered":"NATO-Rahmennationenkonzept: Luftwaffe richtet multinationale &#8222;MAGDAYs&#8220; aus (FOTO)"},"content":{"rendered":"<p><img decoding=\"async\" class=\"alignleft size-full\" title=\"Kampfflugzeuge vom Typ Tornado und Eurofighter werden in der kommenden Woche gemeinsam mit ungarischen Gripen \u00fcber der Nordsee \u00fcben\" src=\"https:\/\/cache.pressmailing.net\/thumbnail\/story_big\/310c719d-b89f-4af2-a1f1-1f2081fe450c\/LVGEx18_Laage_Petersen_02.jpg\" \/><\/p>\n<p>Berlin (ots) &#8211;     Erstmals in diesem Jahr richtet die Luftwaffe in der Woche vom 18. bis zum 22. Februar einen von vier geplanten &#8222;MAGDAYs&#8220; im  norddeutschen Luftraum aus. Diese multinationalen \u00dcbungstage dienen  der Umsetzung des NATO-Rahmennationenkonzepts in Form des Aufbaus  einer &#8222;Multinational Air Group&#8220;, kurz: MAG.<!--more-->     Deutschland hat sich, basierend auf dem beim NATO-Gipfel 2014 in  Wales beschlossenen Rahmennationenkonzept (Framework Nations Concept, FNC), unter anderem dazu verpflichtet, den Aufbau gr\u00f6\u00dferer  Truppenk\u00f6rper sicherzustellen. Diese sollen dem B\u00fcndnis als  interoperable, be\u00fcbte und funktional zusammenwirkende Gro\u00dfverb\u00e4nde  zur Verf\u00fcgung gestellt werden.     Vor diesem Hintergrund wird die Multinational Air Group (MAG) mit  Deutschland als Rahmennation aufgestellt. Ziele sind f\u00fcr 2023  zun\u00e4chst die eingeschr\u00e4nkte, f\u00fcr 2026 dann die volle  Einsatzbereitschaft. Auf dem Weg dorthin soll es verschiedenen  internationalen Partnern erm\u00f6glicht werden, \u00fcber Ausbildungen,  technische und logistische Zusammenarbeit, \u00dcbungen, Partnerschaften  und einen regelm\u00e4\u00dfigen Informationsaustausch zu partizipieren. Die  MAG stellt dabei eine Art Toolbox dar, aus der die beteiligten  Nationen dem Auftrag entsprechende Kr\u00e4fte generieren und der NATO zur Verf\u00fcgung stellen k\u00f6nnen.     Die Luftwaffe tr\u00e4gt mit der Ausrichtung der &#8222;MAGDAYs&#8220; in Form  regelm\u00e4\u00dfiger gemeinsamer \u00dcbungen unter Einbindung der multinationalen Partner zum Aufbau der MAG und zum Erreichen der gesteckten Ziele  bei. In diesem und in den kommenden Jahren finden dazu jeweils vier  dieser \u00dcbungswochen mit je zwei Vorbereitungs- und zwei Flugtagen  statt. Die Teilnahme an einer Vielzahl weiterer \u00dcbungsvorhaben der  Luftwaffe &#8211; auch abseits des Themas Luftkriegsf\u00fchrung &#8211; steht den  internationalen MAG-Partnern zus\u00e4tzlich offen.     Am ersten &#8222;MAGDAY&#8220; 2019 nehmen alle Jetverb\u00e4nde der Luftwaffe mit  Kampfflugzeugen vom Typ Eurofighter (N\u00f6rvenich, Laage, Wittmund und  Neuburg) und Tornado (B\u00fcchel und Jagel) sowie zahlreiche  Unterst\u00fctzungskr\u00e4fte teil. Die ungarischen Luftstreitkr\u00e4fte werden  mehrere Luftfahrzeuge vom Typ Gripen auf letztgenanntem Fliegerhorst  stationieren und sich mit ihnen, neben Vertretern der polnischen  Luftwaffe in der Beobachterrolle, am \u00dcbungsgeschehen beteiligen.     Die &#8222;MAGDAYs&#8220; 2019, an denen sich nach derzeitigen Planungen neben Ungarn und Polen auch Tschechien, die Slowakei, Gro\u00dfbritannien und  die USA aktiv beteiligen werden, dienen insbesondere dem Sammeln  weiterer gemeinsamer Erfahrungen und dem gegenseitigen Austausch von  fliegerischer Expertise.    Pressekontakt: <\/p>\n<p>Quelle: <a href=\"https:\/\/www.presseportal.de\/pm\/81895\/4194115\" target=\"_blank\">presseportal.de<\/a><\/p>\n","protected":false},"excerpt":{"rendered":"<p>Berlin (ots) &#8211; Erstmals in diesem Jahr richtet die Luftwaffe in der Woche vom 18. bis zum 22. Februar einen<\/p>\n","protected":false},"author":3,"featured_media":0,"comment_status":"open","ping_status":"open","sticky":false,"template":"","format":"standard","meta":{"colormag_page_container_layout":"default_layout","colormag_page_sidebar_layout":"default_layout","footnotes":""},"categories":[5],"tags":[],"class_list":["post-277013","post","type-post","status-publish","format-standard","hentry","category-politik-wirtschaft"],"_links":{"self":[{"href":"https:\/\/hier-luebeck.de\/index.php\/wp-json\/wp\/v2\/posts\/277013","targetHints":{"allow":["GET"]}}],"collection":[{"href":"https:\/\/hier-luebeck.de\/index.php\/wp-json\/wp\/v2\/posts"}],"about":[{"href":"https:\/\/hier-luebeck.de\/index.php\/wp-json\/wp\/v2\/types\/post"}],"author":[{"embeddable":true,"href":"https:\/\/hier-luebeck.de\/index.php\/wp-json\/wp\/v2\/users\/3"}],"replies":[{"embeddable":true,"href":"https:\/\/hier-luebeck.de\/index.php\/wp-json\/wp\/v2\/comments?post=277013"}],"version-history":[{"count":0,"href":"https:\/\/hier-luebeck.de\/index.php\/wp-json\/wp\/v2\/posts\/277013\/revisions"}],"wp:attachment":[{"href":"https:\/\/hier-luebeck.de\/index.php\/wp-json\/wp\/v2\/media?parent=277013"}],"wp:term":[{"taxonomy":"category","embeddable":true,"href":"https:\/\/hier-luebeck.de\/index.php\/wp-json\/wp\/v2\/categories?post=277013"},{"taxonomy":"post_tag","embeddable":true,"href":"https:\/\/hier-luebeck.de\/index.php\/wp-json\/wp\/v2\/tags?post=277013"}],"curies":[{"name":"wp","href":"https:\/\/api.w.org\/{rel}","templated":true}]}}