{"id":27704,"date":"2011-01-21T15:16:36","date_gmt":"2011-01-21T14:16:36","guid":{"rendered":"http:\/\/www.hier-luebeck.de\/?p=27704"},"modified":"2011-01-21T15:16:36","modified_gmt":"2011-01-21T14:16:36","slug":"parlamentsfernsehen-ab-sofort-unverschlusselt-zu-empfangen","status":"publish","type":"post","link":"https:\/\/hier-luebeck.de\/index.php\/parlamentsfernsehen-ab-sofort-unverschlusselt-zu-empfangen\/","title":{"rendered":"Parlamentsfernsehen ab sofort unverschl\u00fcsselt zu empfangen"},"content":{"rendered":"<p>Das Parlamentsfernsehen des Deutschen Bundestages und die \u00dcbertragungen der Plenarsitzungen des Bundesrates sind ab sofort unverschl\u00fcsselt \u00fcber den Satelliten Astra 3B zu empfangen.<!--more--><\/p>\n<p>Bisher wurden die beiden Programme gemeinsam mit zwei weiteren Programmen, die nur einem geschlossenen Benutzerkreis zur Verf\u00fcgung stehen, im sogenannten Bund TV geb\u00fcndelt und verschl\u00fcsselt \u00fcbertragen. Die Verschl\u00fcsselungen f\u00fcr das Parlamentsfernsehen des Deutschen Bundestages und das Programm des Bundesrates konnten nunmehr aufgrund einer technischen Modernisierung der \u00dcbertragungstechnik aufgehoben werden.<\/p>\n<p>Interessierte Fernsehzuschauer ben\u00f6tigen eine Satelliten-Empfangsanlage, die auf die Position 23,5\u00b0 Ost ausgerichtet ist.<\/p>\n","protected":false},"excerpt":{"rendered":"<p>Das Parlamentsfernsehen des Deutschen Bundestages und die \u00dcbertragungen der Plenarsitzungen des Bundesrates sind ab sofort unverschl\u00fcsselt \u00fcber den Satelliten Astra<\/p>\n","protected":false},"author":3,"featured_media":0,"comment_status":"open","ping_status":"open","sticky":false,"template":"","format":"standard","meta":{"colormag_page_container_layout":"default_layout","colormag_page_sidebar_layout":"default_layout","footnotes":""},"categories":[5],"tags":[],"class_list":["post-27704","post","type-post","status-publish","format-standard","hentry","category-politik-wirtschaft"],"_links":{"self":[{"href":"https:\/\/hier-luebeck.de\/index.php\/wp-json\/wp\/v2\/posts\/27704","targetHints":{"allow":["GET"]}}],"collection":[{"href":"https:\/\/hier-luebeck.de\/index.php\/wp-json\/wp\/v2\/posts"}],"about":[{"href":"https:\/\/hier-luebeck.de\/index.php\/wp-json\/wp\/v2\/types\/post"}],"author":[{"embeddable":true,"href":"https:\/\/hier-luebeck.de\/index.php\/wp-json\/wp\/v2\/users\/3"}],"replies":[{"embeddable":true,"href":"https:\/\/hier-luebeck.de\/index.php\/wp-json\/wp\/v2\/comments?post=27704"}],"version-history":[{"count":0,"href":"https:\/\/hier-luebeck.de\/index.php\/wp-json\/wp\/v2\/posts\/27704\/revisions"}],"wp:attachment":[{"href":"https:\/\/hier-luebeck.de\/index.php\/wp-json\/wp\/v2\/media?parent=27704"}],"wp:term":[{"taxonomy":"category","embeddable":true,"href":"https:\/\/hier-luebeck.de\/index.php\/wp-json\/wp\/v2\/categories?post=27704"},{"taxonomy":"post_tag","embeddable":true,"href":"https:\/\/hier-luebeck.de\/index.php\/wp-json\/wp\/v2\/tags?post=27704"}],"curies":[{"name":"wp","href":"https:\/\/api.w.org\/{rel}","templated":true}]}}