{"id":27706,"date":"2011-01-21T16:04:36","date_gmt":"2011-01-21T15:04:36","guid":{"rendered":"http:\/\/www.hier-luebeck.de\/?p=27706"},"modified":"2011-01-21T16:04:36","modified_gmt":"2011-01-21T15:04:36","slug":"offentliche-info-veranstaltung-zu-stadt-der-wissenschaft","status":"publish","type":"post","link":"https:\/\/hier-luebeck.de\/index.php\/offentliche-info-veranstaltung-zu-stadt-der-wissenschaft\/","title":{"rendered":"\u00d6ffentliche Info-Veranstaltung zu Stadt der Wissenschaft"},"content":{"rendered":"<p>L\u00fcbeck geht in die Endrunde \u2013 B\u00fcrger eingeladen, am Mittwoch ins Rathaus zu kommen<\/p>\n<p>Im vergangenen Sommer haben die L\u00fcbecker den Kampf um ihre Universit\u00e4t gewonnen. Diesen Schwung wollen die Hansestadt L\u00fcbeck und der Initiativkreis Wissenschaft gemeinsam nutzen und den Wettbewerb \u201eStadt der Wissenschaft 2012\u201c gewinnen.<!--more--> Die Wissenschaftsstadt L\u00fcbeck macht sich fit f\u00fcr das Finale. Kommt der Titel \u201eStadt der Wissenschaft 2012\u201c in die Hansestadt, ist das R\u00fcckenwind f\u00fcr den Wissenschaftsstandort L\u00fcbeck, der das Wachstum und die Zukunft der Stadt und der Region auf Kurs h\u00e4lt.<\/p>\n<p>Bei einer \u00f6ffentlichen Pressekonferenz am Mittwoch, 26. Januar 2011, um 15 Uhr im B\u00fcrgerschaftssaal des Rathauses wird die Kampagne \u201eHanse trifft Humboldt\u201c vorgestellt. B\u00fcrgermeister Bernd Saxe und die Mitglieder des Initiativkreises \u201eWissenschaft in L\u00fcbeck\u201c werden anwesend sein.<\/p>\n<p>Die L\u00fcbeckerinnen und L\u00fcbecker sind herzlich eingeladen, am Mittwoch ins Rathaus zu kommen! Denn als Zeichen der Verbundenheit der L\u00fcbecker mit ihrem Hochschulstandort sollen mindestens 100 Menschen f\u00fcr ein Foto im B\u00fcrgerschaftssaal des Rathauses zusammenkommen.<\/p>\n","protected":false},"excerpt":{"rendered":"<p>L\u00fcbeck geht in die Endrunde \u2013 B\u00fcrger eingeladen, am Mittwoch ins Rathaus zu kommen Im vergangenen Sommer haben die L\u00fcbecker<\/p>\n","protected":false},"author":3,"featured_media":0,"comment_status":"open","ping_status":"open","sticky":false,"template":"","format":"standard","meta":{"colormag_page_container_layout":"default_layout","colormag_page_sidebar_layout":"default_layout","footnotes":""},"categories":[20],"tags":[],"class_list":["post-27706","post","type-post","status-publish","format-standard","hentry","category-besondere-neuigkeiten"],"_links":{"self":[{"href":"https:\/\/hier-luebeck.de\/index.php\/wp-json\/wp\/v2\/posts\/27706","targetHints":{"allow":["GET"]}}],"collection":[{"href":"https:\/\/hier-luebeck.de\/index.php\/wp-json\/wp\/v2\/posts"}],"about":[{"href":"https:\/\/hier-luebeck.de\/index.php\/wp-json\/wp\/v2\/types\/post"}],"author":[{"embeddable":true,"href":"https:\/\/hier-luebeck.de\/index.php\/wp-json\/wp\/v2\/users\/3"}],"replies":[{"embeddable":true,"href":"https:\/\/hier-luebeck.de\/index.php\/wp-json\/wp\/v2\/comments?post=27706"}],"version-history":[{"count":0,"href":"https:\/\/hier-luebeck.de\/index.php\/wp-json\/wp\/v2\/posts\/27706\/revisions"}],"wp:attachment":[{"href":"https:\/\/hier-luebeck.de\/index.php\/wp-json\/wp\/v2\/media?parent=27706"}],"wp:term":[{"taxonomy":"category","embeddable":true,"href":"https:\/\/hier-luebeck.de\/index.php\/wp-json\/wp\/v2\/categories?post=27706"},{"taxonomy":"post_tag","embeddable":true,"href":"https:\/\/hier-luebeck.de\/index.php\/wp-json\/wp\/v2\/tags?post=27706"}],"curies":[{"name":"wp","href":"https:\/\/api.w.org\/{rel}","templated":true}]}}