{"id":277132,"date":"2019-02-17T11:46:35","date_gmt":"2019-02-17T11:46:35","guid":{"rendered":"http:\/\/www.hier-luebeck.de\/besondere-neuigkeiten\/fw-sl-lang-ersehntes-ziel-wurde-erreicht\/"},"modified":"2019-02-17T11:46:35","modified_gmt":"2019-02-17T11:46:35","slug":"fw-sl-lang-ersehntes-ziel-wurde-erreicht","status":"publish","type":"post","link":"https:\/\/hier-luebeck.de\/index.php\/fw-sl-lang-ersehntes-ziel-wurde-erreicht\/","title":{"rendered":"FW-SL: Lang ersehntes Ziel wurde erreicht"},"content":{"rendered":"<p><img decoding=\"async\" class=\"alignleft size-full\" title=\"Kreiswehrf\u00fchrer Mark R\u00fccker, Kreisjugendwart Ralf Hansen, Stefan Alisch, Landesjugendfeuerwehrwart Dirk Tschechne\" src=\"https:\/\/cache.pressmailing.net\/thumbnail\/story_big\/8f895a34-f002-41ce-b108-d2d1b72cc72f\/IMG_3095.JPG\" \/><\/p>\n<p>Schleswig (ots) &#8211;     Zur Jahreshauptversammlung der Jugendfeuerwehren im Kreis  Schleswig-Flensburg konnte Kreisjugendwart Ralf Hansen es fr\u00f6hlich  berichten, &#8222;wir haben die 1.000er Mitgliedermarke geknackt&#8220;. Mit  1.006 Mitgliedern in den 35 Jugendfeuerwehren und zwei  Kinderfeuerwehren konnten wieder steigende Mitgliederzahlen vermeldet werden. Landrat Dr.<!--more--> Buschmann freut sich \u00fcber die zahlreichen gut  ausgebildeten Jugendliche, die in der Zukunft die Freiwilligen  Feuerwehren unterst\u00fctzen. Durch die gro\u00dfe Vielfalt im  Jugendfeuerwehrendienst bleibt die Jugendfeuerwehrarbeit die  wichtigste St\u00fctze die Einsatzf\u00e4higkeit der Feuerwehren aufrecht zu  erhalten. Auch B\u00fcrgermeister Finn Petersen ist stolz die  Jugendfeuerwehren aus dem gesamten Kreisgebiet in der Sporthalle in  Sieverstedt begr\u00fc\u00dfen zu k\u00f6nnen. Die Feuerwehren sind ein hohes Gut in den Gemeinden und \u00c4mtern. Zum Schluss w\u00fcnschte Finn Petersen der  Versammlung viel Erfolg und sagte &#8222;es ist eine geile Nummer was ihr  hier leistet!&#8220;     Ralf Hansen ging in seinem Jahresbericht dann noch auf die hohe  Zahl geleistete Stunden, in den 35 Jugendfeuerwehren und zwei  Kinderfeuerwehren wurden 28.099 Stunden Jugendarbeit geleistet.     Eine besondere \u00dcberraschung gab es f\u00fcr Stefan Alisch, Jugendwart  der JF Mittelangeln. F\u00fcr ihn hatten Ralf Hansen, Kreiswehrf\u00fchrer Mark R\u00fccker und Landesjugendfeuerwehrwart Dirk Tschechne die  Leistungsspange der schleswig-holsteinischen Jugendfeuerwehr in  Bronze dabei. F\u00fcr Michael Weber gab es f\u00fcr seine langj\u00e4hrige  T\u00e4tigkeit als Jugendwart der JF Ostangeln die Leistungsspange in  Silber.     Bei den Wahlen gab es mehrere Posten im Jugendfeuerwehrausschuss  neu zu besetzen. Lena Vanessa Hansen aus Kappeln wurde zur neuen  Fachbereichsleiterin Presse- und \u00d6ffentlichkeitsarbeit gew\u00e4hlt.  Thorsten Schmidt aus Oeversee wurde zum FBL Schriftf\u00fchrung gew\u00e4hlt.  Die Jugendlichen werden im Kreisjugendfeuerwehrausschuss jetzt von  Tabitha Zander aus Tetenhusen und Marten Schmidt aus Oeversee  vertreten.     Aus dem Ausschuss wurden Tim Oliver B\u00f6wes aus Kleinwiehe  verabschiedet. Acht Jahre lang war er FBL Presse- und  \u00d6ffentlichkeitsarbeit. Lina Heinecke aus Gro\u00dfenwiehe war drei Jahre  lang Kreisjugendgruppenleiterin und Felix Hansen aus Jagel wurde nach einem Jahr als Kreisjugendgruppenleiter verabschiedet.     <\/p>\n<p>Quelle: <a href=\"https:\/\/www.presseportal.de\/blaulicht\/pm\/68035\/4195312\" target=\"_blank\">presseportal.de<\/a><\/p>\n","protected":false},"excerpt":{"rendered":"<p>Schleswig (ots) &#8211; Zur Jahreshauptversammlung der Jugendfeuerwehren im Kreis Schleswig-Flensburg konnte Kreisjugendwart Ralf Hansen es fr\u00f6hlich berichten, &#8222;wir haben die<\/p>\n","protected":false},"author":3,"featured_media":0,"comment_status":"open","ping_status":"open","sticky":false,"template":"","format":"standard","meta":{"colormag_page_container_layout":"default_layout","colormag_page_sidebar_layout":"default_layout","footnotes":""},"categories":[20],"tags":[],"class_list":["post-277132","post","type-post","status-publish","format-standard","hentry","category-besondere-neuigkeiten"],"_links":{"self":[{"href":"https:\/\/hier-luebeck.de\/index.php\/wp-json\/wp\/v2\/posts\/277132","targetHints":{"allow":["GET"]}}],"collection":[{"href":"https:\/\/hier-luebeck.de\/index.php\/wp-json\/wp\/v2\/posts"}],"about":[{"href":"https:\/\/hier-luebeck.de\/index.php\/wp-json\/wp\/v2\/types\/post"}],"author":[{"embeddable":true,"href":"https:\/\/hier-luebeck.de\/index.php\/wp-json\/wp\/v2\/users\/3"}],"replies":[{"embeddable":true,"href":"https:\/\/hier-luebeck.de\/index.php\/wp-json\/wp\/v2\/comments?post=277132"}],"version-history":[{"count":0,"href":"https:\/\/hier-luebeck.de\/index.php\/wp-json\/wp\/v2\/posts\/277132\/revisions"}],"wp:attachment":[{"href":"https:\/\/hier-luebeck.de\/index.php\/wp-json\/wp\/v2\/media?parent=277132"}],"wp:term":[{"taxonomy":"category","embeddable":true,"href":"https:\/\/hier-luebeck.de\/index.php\/wp-json\/wp\/v2\/categories?post=277132"},{"taxonomy":"post_tag","embeddable":true,"href":"https:\/\/hier-luebeck.de\/index.php\/wp-json\/wp\/v2\/tags?post=277132"}],"curies":[{"name":"wp","href":"https:\/\/api.w.org\/{rel}","templated":true}]}}